{"id":5115,"date":"2020-12-13T20:48:51","date_gmt":"2020-12-13T20:48:51","guid":{"rendered":"http:\/\/kostolna.fara.sk\/?p=5115"},"modified":"2020-12-13T20:48:51","modified_gmt":"2020-12-13T20:48:51","slug":"koncertfilm-premier","status":"publish","type":"post","link":"https:\/\/www.farakostolna.sk\/?p=5115","title":{"rendered":"Koncertfilm premier"},"content":{"rendered":"\n\t\t\t\t\n\t\t\t\t\n<div class=\"wp-block-image\"><figure class=\"alignleft is-resized\"><img loading=\"lazy\" decoding=\"async\" src=\"http:\/\/kostolna.fara.sk\/wp-content\/uploads\/2020\/12\/128641365_3616180281772418_8308505196231550847_o.jpg\" alt=\"\" class=\"wp-image-5116\" width=\"443\" height=\"231\"\/><\/figure><\/div>\n\n\n\n<p>Mindannyiunk sz\u00e1m\u00e1ra  \u00f6r\u00f6m\u00fcnkre szolg\u00e1l ha a Gabriel h\u00e1zasp\u00e1rt -Denit \u00e9s Palit &#8211; a szentmis\u00e9ken hallgatva zen\u00e9iken kereszt\u00fcl m\u00e9gink\u00e1bb \u00e9rezhetj\u00fck Isten szeret\u0151 jelenl\u00e9t\u00e9t. Most lehet\u0151s\u00e9g\u00fcnk ad\u00f3dik szolg\u00e1latukat megjutalmazni! B\u00e1r \u0151k ennek cser\u00e9j\u00e9be is ADNI \u00e9s gazdag\u00edtani szeretn\u00e9nek benn\u00fcnket!<\/p>\n\n\n<p><!--more--><\/p>\n\n\n<p>Sajnos \u00e9l\u0151 koncertre nincs lehet\u0151s\u00e9g a j\u00e1rv\u00e1ny miatt. Azonban online k\u00f6zvet\u00edt\u00e9s seg\u00edts\u00e9g\u00e9vel r\u00e9szt vehet\u00fcnk a KONCERTFILM PREMIER-en.Ehhez k\u00e9t dolog sz\u0171ks\u00e9ges:Az al\u00e1bbi linket megnyitva \u00e9s az utas\u00edt\u00e1sokat elolvasva v\u00e1s\u00e1rolhat\u00f3 meg az online jegy, mellyel t\u00e1mogathatj\u00e1k evangeliz\u00e1ci\u00f3s munk\u00e1jukat! M\u00c1R CSAK H\u00c1ROM NAP VAN H\u00c1TRA december 17-ig, ne maradj le r\u00f3la!!! <a rel=\"noreferrer noopener\" href=\"https:\/\/l.facebook.com\/l.php?u=https%3A%2F%2Ffb.me%2Fe%2F3O7mfa4Hc&amp;h=AT0ngdT1YGWai80XhIIaLniXR2eTketaOPLhBa20mI4tJ4ggnLlObrgm4h7AezKFA5HCWEC30YxpxS3YHblVNDAQ6kWQC69FbRngS0EulRcZhqEa80tn-0XcAJbtmlBjF5DI&amp;__tn__=-UK-R&amp;c[0]=AT181TBlEeXxGe9k09fTQi1Avck79v1lFV99kiARBFW8z2Wr5pI4OWUqTs7f-Xp3D4_wZGAVYt7RCfX97gaau5s7ZScLw7QjbF4RLxcJUySjR_RPhnSTt25tiriLpDs484d6cwJhCpZzJxeYJWd8CNT5\" target=\"_blank\">https:\/\/fb.me\/e\/3O7mfa4Hc<\/a><\/p>\n\t\t\t\t","protected":false},"excerpt":{"rendered":"<p>Mindannyiunk sz\u00e1m\u00e1ra \u00f6r\u00f6m\u00fcnkre szolg\u00e1l ha a Gabriel h\u00e1zasp\u00e1rt -Denit \u00e9s Palit &#8211; a szentmis\u00e9ken hallgatva zen\u00e9iken kereszt\u00fcl m\u00e9gink\u00e1bb \u00e9rezhetj\u00fck Isten szeret\u0151 jelenl\u00e9t\u00e9t. Most lehet\u0151s\u00e9g\u00fcnk ad\u00f3dik szolg\u00e1latukat megjutalmazni! B\u00e1r \u0151k ennek cser\u00e9j\u00e9be is ADNI \u00e9s gazdag\u00edtani szeretn\u00e9nek benn\u00fcnket!<\/p>\n","protected":false},"author":7,"featured_media":5116,"comment_status":"closed","ping_status":"closed","sticky":false,"template":"","format":"standard","meta":{"footnotes":""},"categories":[4],"tags":[],"class_list":{"0":"entry","1":"post","2":"publish","3":"author-slado89gmail-com","4":"has-excerpt","5":"has-more-link","6":"post-5115","8":"format-standard","9":"has-post-thumbnail","10":"category-akcie"},"_links":{"self":[{"href":"https:\/\/www.farakostolna.sk\/index.php?rest_route=\/wp\/v2\/posts\/5115","targetHints":{"allow":["GET"]}}],"collection":[{"href":"https:\/\/www.farakostolna.sk\/index.php?rest_route=\/wp\/v2\/posts"}],"about":[{"href":"https:\/\/www.farakostolna.sk\/index.php?rest_route=\/wp\/v2\/types\/post"}],"author":[{"embeddable":true,"href":"https:\/\/www.farakostolna.sk\/index.php?rest_route=\/wp\/v2\/users\/7"}],"replies":[{"embeddable":true,"href":"https:\/\/www.farakostolna.sk\/index.php?rest_route=%2Fwp%2Fv2%2Fcomments&post=5115"}],"version-history":[{"count":0,"href":"https:\/\/www.farakostolna.sk\/index.php?rest_route=\/wp\/v2\/posts\/5115\/revisions"}],"wp:featuredmedia":[{"embeddable":true,"href":"https:\/\/www.farakostolna.sk\/index.php?rest_route=\/"}],"wp:attachment":[{"href":"https:\/\/www.farakostolna.sk\/index.php?rest_route=%2Fwp%2Fv2%2Fmedia&parent=5115"}],"wp:term":[{"taxonomy":"category","embeddable":true,"href":"https:\/\/www.farakostolna.sk\/index.php?rest_route=%2Fwp%2Fv2%2Fcategories&post=5115"},{"taxonomy":"post_tag","embeddable":true,"href":"https:\/\/www.farakostolna.sk\/index.php?rest_route=%2Fwp%2Fv2%2Ftags&post=5115"}],"curies":[{"name":"wp","href":"https:\/\/api.w.org\/{rel}","templated":true}]}}