{"id":5109,"date":"2020-12-13T10:17:38","date_gmt":"2020-12-13T10:17:38","guid":{"rendered":"http:\/\/kostolna.fara.sk\/?p=5109"},"modified":"2020-12-13T10:17:38","modified_gmt":"2020-12-13T10:17:38","slug":"sv-omsa-z-kostolnej-pri-dunaji-13-12-2020","status":"publish","type":"post","link":"https:\/\/www.farakostolna.sk\/?p=5109","title":{"rendered":"Sv. om\u0161a z Kostolnej pri Dunaji (13.12.2020)"},"content":{"rendered":"\n\t\t\t\t\n\t\t\t\t\n<div class=\"wp-block-image\"><figure class=\"alignleft is-resized\"><img loading=\"lazy\" decoding=\"async\" src=\"http:\/\/kostolna.fara.sk\/wp-content\/uploads\/2020\/12\/3E664F2E-21AF-48F3-A95A-2C0861BCD9C8-1024x768.jpeg\" alt=\"\" class=\"wp-image-5113\" width=\"337\" height=\"253\"\/><\/figure><\/div>\n\n\n\n<p>Prin\u00e1\u0161ame V\u00e1m obrazov\u00fd z\u00e1znam sv. om\u0161\u00ed, ktor\u00e9 boli sl\u00e1ven\u00e9 13.12.2020 v na\u0161om farskom kostole v Kostolnej pri Dunaji:<\/p>\n\n\n\n<p><a href=\"https:\/\/www.facebook.com\/fara.kostolna\/videos\/846680066091760\/\">\u2013 o 9:30 v ma\u010farskom jazyku<\/a><br><a href=\"https:\/\/www.facebook.com\/fara.kostolna\/videos\/846733942753039\">\u2013 o 11:00 v slovenskom jazyku<\/a><\/p>\n\n\n<p><!--more--><\/p>\n\n\n<p>Az advent harmadik vas\u00e1rnapj\u00e1n bemutatott  szentmise megtekinthet\u0151 az al\u00e1bbi <a href=\"https:\/\/www.facebook.com\/fara.kostolna\/videos\/846680066091760\/\">linken<\/a>.<\/p>\n\n\n\n<p>Pl\u00e9b\u00e1nia k\u00f6z\u00f6ss\u00e9g\u00fcnk advent harmadik het\u00e9re sz\u00f3l\u00f3 feladata: \u00f6r\u00f6met szerezni m\u00e1soknak. Ha siker\u00fcl teljes\u00edten\u00fcnk akkor gy\u0171jt\u0151kos\u00e1rba felaj\u00e1nlhatjuk a legkedvesebb j\u00e1t\u00e9kunkat (kisebb m\u00e9ret\u0171, teljesen \u00e9p \u00e1llapotban) az afrikai gyerekek sz\u00e1m\u00e1ra.<\/p>\n\t\t\t\t","protected":false},"excerpt":{"rendered":"<p>Prin\u00e1\u0161ame V\u00e1m obrazov\u00fd z\u00e1znam sv. om\u0161\u00ed, ktor\u00e9 boli sl\u00e1ven\u00e9 13.12.2020 v na\u0161om farskom kostole v Kostolnej pri Dunaji: \u2013 o 9:30 v ma\u010farskom jazyku\u2013 o 11:00 v slovenskom jazyku<\/p>\n","protected":false},"author":7,"featured_media":5113,"comment_status":"closed","ping_status":"closed","sticky":false,"template":"","format":"standard","meta":{"footnotes":""},"categories":[17],"tags":[],"class_list":{"0":"entry","1":"post","2":"publish","3":"author-slado89gmail-com","4":"has-excerpt","5":"has-more-link","6":"post-5109","8":"format-standard","9":"has-post-thumbnail","10":"category-sv-omsa"},"_links":{"self":[{"href":"https:\/\/www.farakostolna.sk\/index.php?rest_route=\/wp\/v2\/posts\/5109","targetHints":{"allow":["GET"]}}],"collection":[{"href":"https:\/\/www.farakostolna.sk\/index.php?rest_route=\/wp\/v2\/posts"}],"about":[{"href":"https:\/\/www.farakostolna.sk\/index.php?rest_route=\/wp\/v2\/types\/post"}],"author":[{"embeddable":true,"href":"https:\/\/www.farakostolna.sk\/index.php?rest_route=\/wp\/v2\/users\/7"}],"replies":[{"embeddable":true,"href":"https:\/\/www.farakostolna.sk\/index.php?rest_route=%2Fwp%2Fv2%2Fcomments&post=5109"}],"version-history":[{"count":0,"href":"https:\/\/www.farakostolna.sk\/index.php?rest_route=\/wp\/v2\/posts\/5109\/revisions"}],"wp:featuredmedia":[{"embeddable":true,"href":"https:\/\/www.farakostolna.sk\/index.php?rest_route=\/"}],"wp:attachment":[{"href":"https:\/\/www.farakostolna.sk\/index.php?rest_route=%2Fwp%2Fv2%2Fmedia&parent=5109"}],"wp:term":[{"taxonomy":"category","embeddable":true,"href":"https:\/\/www.farakostolna.sk\/index.php?rest_route=%2Fwp%2Fv2%2Fcategories&post=5109"},{"taxonomy":"post_tag","embeddable":true,"href":"https:\/\/www.farakostolna.sk\/index.php?rest_route=%2Fwp%2Fv2%2Ftags&post=5109"}],"curies":[{"name":"wp","href":"https:\/\/api.w.org\/{rel}","templated":true}]}}