{"id":5101,"date":"2020-12-12T09:41:43","date_gmt":"2020-12-12T09:41:43","guid":{"rendered":"http:\/\/kostolna.fara.sk\/?p=5101"},"modified":"2020-12-12T09:41:43","modified_gmt":"2020-12-12T09:41:43","slug":"farske-oznamy-a-zamyslenie-12-12-2020","status":"publish","type":"post","link":"https:\/\/www.farakostolna.sk\/?p=5101","title":{"rendered":"Farsk\u00e9 oznamy a zamyslenie (12.12.2020)"},"content":{"rendered":"\n\t\t\t\t\n\t\t\t\t\n<div class=\"wp-block-image\"><figure class=\"alignleft is-resized\"><img loading=\"lazy\" decoding=\"async\" src=\"http:\/\/kostolna.fara.sk\/wp-content\/uploads\/2020\/12\/WhatsApp-Image-2020-12-12-at-10.19.43-1.jpeg\" alt=\"\" class=\"wp-image-5103\" width=\"414\" height=\"237\"\/><\/figure><\/div>\n\n\n\n<p>\u010c\u00edtania 3. adventnej nedele s\u00fa priam koncentr\u00e1ciou radosti &#8211; a nie hocijakej. Sme priamo Bohom poslan\u00ed t\u00fato rados\u0165 zvestova\u0165. Ale najsk\u00f4r ju mus\u00edme ok\u00fasi\u0165. Nie zvonka, ale za\u017ei\u0165 ju vo svojom vn\u00fatri, aby n\u00e1s mohla cel\u00fdch pre\u017eiari\u0165 a premeni\u0165. Len tak budeme uverite\u013en\u00ed, ke\u010f ju budeme odovzd\u00e1va\u0165 in\u00fdm. J\u00e1n \u017eil, to \u010do ohlasoval \u2013 preto mu uverili. A \u010do my? Sme uverite\u013en\u00ed?<\/p>\n\n\n<p><!--more--><\/p>\n\n\n<p><strong>Aj tento v\u00edkend m\u00e1me vo farnosti 7 sv\u00e4t\u00fdch om\u0161\u00ed. Dnes v sobotu:<br>16:00 \u2013 Hrub\u00fd \u0160\u00far \u2013 (ma\u010f.)<br>17:00 \u2013 Hrub\u00e1 Bor\u0161a \u2013 (slov.-ma\u010f.)<br>18:00 \u2013 Kostoln\u00e1 \u2013 (slov.)<br> <br>Zajtra v nede\u013eu:<br>7:00 \u2013 Kostoln\u00e1 \u2013 (slov.)<br>8:00 \u2013 Hrub\u00fd \u0160\u00far \u2013 (ma\u010f.)<br>9:30 \u2013 Kostoln\u00e1 \u2013 (ma\u010f.)<br>11:00 \u2013 Kostoln\u00e1 \u2013 (slov.)<\/strong><\/p>\n\n\n\n<p>Najmenej \u013eud\u00ed je v nede\u013eu o siedmej r\u00e1no. Situ\u00e1cia sa zo d\u0148a na de\u0148 men\u00ed, sledujte priebe\u017ene pros\u00edm aj farsk\u00e9 oznamy.<\/p>\n\n\n\n<p>St\u00e1le je potrebn\u00e9 dodr\u017eiava\u0165 hygienick\u00e9 pravidl\u00e1, aby sa situ\u00e1cia nezhor\u0161ovala. V kostole, pokia\u013e nie ste z jednej dom\u00e1cnosti, si sadajte pros\u00edm na sp\u00f4sob \u0161achovnice. Ve\u013emi ma te\u0161\u00ed, \u017ee v na\u0161ej farnosti aj v tomto \u010dase radostne a s odvahou prich\u00e1dzate na sv\u00e4t\u00e9 om\u0161e. Z\u00e1rove\u0148 ale d\u00f4razne v\u0161etk\u00fdch \u017eiadam, \u017ee pokia\u013e v\u00e1m je, alebo bude nariaden\u00e1 dom\u00e1ca karant\u00e9na \/ izol\u00e1cia, aby ste t\u00fdch nieko\u013eko dn\u00ed vydr\u017eali doma a nechodili ani do Bo\u017eieho chr\u00e1mu. Takisto, pokia\u013e sa nec\u00edtite dobre, osta\u0148te rad\u0161ej doma. V opa\u010dnom pr\u00edpade v\u00fdrazne zvy\u0161ujete riziko a ohrozujete cel\u00e9 farsk\u00e9 spolo\u010denstvo, \u017ee ostaneme cez sviatky bez sv\u00e4t\u00fdch om\u0161\u00ed vo farnosti.<\/p>\n\n\n\n<p>T\u00ed, ktor\u00ed prich\u00e1dzate na sv\u00e4t\u00fa om\u0161u v sobotu ve\u010der, alebo zo zdravotn\u00fdch, \u010di in\u00fdch objekt\u00edvnych d\u00f4vodov neviete, alebo nem\u00f4\u017eete pr\u00eds\u0165 na sv\u00e4t\u00fa om\u0161u, v\u00e1m d\u00e1vam mo\u017enos\u0165 v Kostolnej jednotlivo prist\u00fapi\u0165 k sv\u00e4t\u00e9mu prij\u00edmaniu v nede\u013eu poobede od 13:30 do 14:00. <\/p>\n\n\n\n<p>Mil\u00ed moji, keby bolo akoko\u013evek v najbli\u017e\u0161\u00edch d\u0148och, budem pre v\u00e1s st\u00e1le k dispoz\u00edcii k sv\u00e4tej spovedi aj k sv\u00e4t\u00e9mu prij\u00edmaniu. Takisto sa budem s mojimi pomocn\u00edkmi v\u017edy sna\u017ei\u0165 zabezpe\u010di\u0165 online prenosy sv\u00e4t\u00fdch om\u0161\u00ed z farnosti. <\/p>\n\n\n\n<p>S \u00factou, <br>Pavol Gajdo\u0161, v\u00e1\u0161 far\u00e1r<\/p>\n\t\t\t\t","protected":false},"excerpt":{"rendered":"<p>\u010c\u00edtania 3. adventnej nedele s\u00fa priam koncentr\u00e1ciou radosti &#8211; a nie hocijakej. Sme priamo Bohom poslan\u00ed t\u00fato rados\u0165 zvestova\u0165. Ale najsk\u00f4r ju mus\u00edme ok\u00fasi\u0165. Nie zvonka, ale za\u017ei\u0165 ju vo svojom vn\u00fatri, aby n\u00e1s mohla cel\u00fdch pre\u017eiari\u0165 a premeni\u0165. Len tak budeme uverite\u013en\u00ed, ke\u010f ju budeme odovzd\u00e1va\u0165 in\u00fdm. J\u00e1n \u017eil, to \u010do ohlasoval \u2013 preto &#8230; <span class=\"more\"><a class=\"more-link\" href=\"https:\/\/www.farakostolna.sk\/?p=5101\">[\u010c\u00edta\u0165 \u010falej&#8230;]<\/a><\/span><\/p>\n","protected":false},"author":7,"featured_media":5102,"comment_status":"closed","ping_status":"closed","sticky":false,"template":"","format":"standard","meta":{"footnotes":""},"categories":[13],"tags":[],"class_list":{"0":"entry","1":"post","2":"publish","3":"author-slado89gmail-com","4":"has-excerpt","5":"has-more-link","6":"post-5101","8":"format-standard","9":"has-post-thumbnail","10":"category-oznamy"},"_links":{"self":[{"href":"https:\/\/www.farakostolna.sk\/index.php?rest_route=\/wp\/v2\/posts\/5101","targetHints":{"allow":["GET"]}}],"collection":[{"href":"https:\/\/www.farakostolna.sk\/index.php?rest_route=\/wp\/v2\/posts"}],"about":[{"href":"https:\/\/www.farakostolna.sk\/index.php?rest_route=\/wp\/v2\/types\/post"}],"author":[{"embeddable":true,"href":"https:\/\/www.farakostolna.sk\/index.php?rest_route=\/wp\/v2\/users\/7"}],"replies":[{"embeddable":true,"href":"https:\/\/www.farakostolna.sk\/index.php?rest_route=%2Fwp%2Fv2%2Fcomments&post=5101"}],"version-history":[{"count":0,"href":"https:\/\/www.farakostolna.sk\/index.php?rest_route=\/wp\/v2\/posts\/5101\/revisions"}],"wp:featuredmedia":[{"embeddable":true,"href":"https:\/\/www.farakostolna.sk\/index.php?rest_route=\/"}],"wp:attachment":[{"href":"https:\/\/www.farakostolna.sk\/index.php?rest_route=%2Fwp%2Fv2%2Fmedia&parent=5101"}],"wp:term":[{"taxonomy":"category","embeddable":true,"href":"https:\/\/www.farakostolna.sk\/index.php?rest_route=%2Fwp%2Fv2%2Fcategories&post=5101"},{"taxonomy":"post_tag","embeddable":true,"href":"https:\/\/www.farakostolna.sk\/index.php?rest_route=%2Fwp%2Fv2%2Ftags&post=5101"}],"curies":[{"name":"wp","href":"https:\/\/api.w.org\/{rel}","templated":true}]}}