{"id":5082,"date":"2020-12-05T08:19:24","date_gmt":"2020-12-05T08:19:24","guid":{"rendered":"http:\/\/kostolna.fara.sk\/?p=5082"},"modified":"2020-12-05T08:19:24","modified_gmt":"2020-12-05T08:19:24","slug":"farske-oznamy-a-zamyslenie-06-12-2020","status":"publish","type":"post","link":"https:\/\/www.farakostolna.sk\/?p=5082","title":{"rendered":"Farsk\u00e9 oznamy a zamyslenie (06.12.2020)"},"content":{"rendered":"\n\t\t\t\t\n\t\t\t\t\n<div class=\"wp-block-image\"><figure class=\"alignleft is-resized\"><img loading=\"lazy\" decoding=\"async\" src=\"http:\/\/kostolna.fara.sk\/wp-content\/uploads\/2020\/12\/WhatsApp-Image-2020-12-05-at-09.09.39.jpeg\" alt=\"\" class=\"wp-image-5083\" width=\"383\" height=\"284\"\/><\/figure><\/div>\n\n\n\n<p>\u201ePripravte cestu P\u00e1novi, vyrovnajte mu chodn\u00edky!\u201c (porov. Iz 40,3; Mk 1, 3)<\/p>\n\n\n\n<p>Kres\u0165anov tituluj\u00fa zauj\u00edmav\u00fdmi menami &#8211; jedni s\u00fa farizeji, lebo s\u00fa falo\u0161n\u00ed a t\u00fdch, ktor\u00ed ber\u00fa P\u00edsmo a Boha v\u00e1\u017ene, s\u00fa fanatici, bigotn\u00ed, \u010di fundamentalisti. J\u00e1n Krstite\u013e up\u00fatal na seba striedmos\u0165ou a p\u00fa\u0161tnym \u017eivotom. Je\u017ei\u0161 otvorenos\u0165ou k hrie\u0161nikom, milosrdenstvom a dobrotou. \u010c\u00edm zaujmeme my? Vyrovn\u00e1vame Bohu chodn\u00edky alebo tie priehlbiny zv\u00e4\u010d\u0161ujeme?<\/p>\n\n\n<p><!--more--><\/p>\n\n\n<p>V na\u0161ej farnosti bude aj tento v\u00edkend 7 sv\u00e4t\u00fdch om\u0161\u00ed s nede\u013enou platnos\u0165ou.<\/p>\n\n\n\n<p>Dnes v sobotu:<br> 16:00 \u2013 Hrub\u00fd \u0160\u00far \u2013 (ma\u010f.)<br> 17:00 \u2013 Hrub\u00e1 Bor\u0161a \u2013 (slov.-ma\u010f.)<br> 18:00 \u2013 Kostoln\u00e1 \u2013 (slov.)<\/p>\n\n\n\n<p>Zajtra v nede\u013eu:<br> 7:00 \u2013 Kostoln\u00e1 \u2013 (slov.)<br> 8:00 \u2013 Hrub\u00fd \u0160\u00far \u2013 (ma\u010f.)<br> 9:30 \u2013 Kostoln\u00e1 \u2013 (ma\u010f.)<br> 11:00 \u2013 Kostoln\u00e1 \u2013 (slov.)<\/p>\n\n\n\n<p>V advente s\u00fa aj <strong>ror\u00e1tne sv. om\u0161e r\u00e1no o 6:00<\/strong>. Povzbudzujem v\u00e1s k \u00fa\u010dasti. V utorok m\u00e1me sl\u00e1vnos\u0165 Nepo\u0161kvrnen\u00e9ho po\u010datia Panny M\u00e1rie. Vo <strong>\u0161tvrtok<\/strong> bude <strong>tich\u00e1 ador\u00e1cia od 17:30 do 18:30<\/strong> s mo\u017enos\u0165ou sv. prij\u00edmania, resp. sv\u00e4tej spovede.<strong> <span style=\"color:red;\">K sv\u00e4tej spovedi pred Vianocami m\u00f4\u017eete prist\u00fapi\u0165 o t\u00fd\u017ede\u0148 v sobotu od 9:00 do 11:00 vo v\u0161etk\u00fdch troch kostoloch farnosti<\/span><\/strong>. St\u00e1le je potrebn\u00e9 dodr\u017eiava\u0165 hygienick\u00e9 pravidl\u00e1. V kostole, pokia\u013e nie ste z jednej dom\u00e1cnosti, si sadajte pros\u00edm na sp\u00f4sob \u0161achovnice.<\/p>\n\n\n\n<p>T\u00ed, ktor\u00ed prich\u00e1dzate na sv\u00e4t\u00fa om\u0161u v sobotu ve\u010der, alebo zo zdravotn\u00fdch, \u010di in\u00fdch objekt\u00edvnych d\u00f4vodov neviete, alebo nem\u00f4\u017eete pr\u00eds\u0165 na sv\u00e4t\u00fa om\u0161u, V\u00e1m d\u00e1vam mo\u017enos\u0165 v Kostolnej <strong>jednotlivo prist\u00fapi\u0165 k sv\u00e4t\u00e9mu prij\u00edmaniu v nede\u013eu poobede od 13:30 do 14:00.<\/strong><\/p>\n\n\n\n<p>S \u00factou,<br>Pavol Gajdo\u0161, v\u00e1\u0161 far\u00e1r<\/p>\n\t\t\t\t","protected":false},"excerpt":{"rendered":"<p>\u201ePripravte cestu P\u00e1novi, vyrovnajte mu chodn\u00edky!\u201c (porov. Iz 40,3; Mk 1, 3) Kres\u0165anov tituluj\u00fa zauj\u00edmav\u00fdmi menami &#8211; jedni s\u00fa farizeji, lebo s\u00fa falo\u0161n\u00ed a t\u00fdch, ktor\u00ed ber\u00fa P\u00edsmo a Boha v\u00e1\u017ene, s\u00fa fanatici, bigotn\u00ed, \u010di fundamentalisti. J\u00e1n Krstite\u013e up\u00fatal na seba striedmos\u0165ou a p\u00fa\u0161tnym \u017eivotom. Je\u017ei\u0161 otvorenos\u0165ou k hrie\u0161nikom, milosrdenstvom a dobrotou. \u010c\u00edm zaujmeme my? &#8230; <span class=\"more\"><a class=\"more-link\" href=\"https:\/\/www.farakostolna.sk\/?p=5082\">[\u010c\u00edta\u0165 \u010falej&#8230;]<\/a><\/span><\/p>\n","protected":false},"author":7,"featured_media":5083,"comment_status":"closed","ping_status":"closed","sticky":false,"template":"","format":"standard","meta":{"footnotes":""},"categories":[5],"tags":[],"class_list":{"0":"entry","1":"post","2":"publish","3":"author-slado89gmail-com","4":"has-excerpt","5":"has-more-link","6":"post-5082","8":"format-standard","9":"has-post-thumbnail","10":"category-aktuality"},"_links":{"self":[{"href":"https:\/\/www.farakostolna.sk\/index.php?rest_route=\/wp\/v2\/posts\/5082","targetHints":{"allow":["GET"]}}],"collection":[{"href":"https:\/\/www.farakostolna.sk\/index.php?rest_route=\/wp\/v2\/posts"}],"about":[{"href":"https:\/\/www.farakostolna.sk\/index.php?rest_route=\/wp\/v2\/types\/post"}],"author":[{"embeddable":true,"href":"https:\/\/www.farakostolna.sk\/index.php?rest_route=\/wp\/v2\/users\/7"}],"replies":[{"embeddable":true,"href":"https:\/\/www.farakostolna.sk\/index.php?rest_route=%2Fwp%2Fv2%2Fcomments&post=5082"}],"version-history":[{"count":0,"href":"https:\/\/www.farakostolna.sk\/index.php?rest_route=\/wp\/v2\/posts\/5082\/revisions"}],"wp:featuredmedia":[{"embeddable":true,"href":"https:\/\/www.farakostolna.sk\/index.php?rest_route=\/"}],"wp:attachment":[{"href":"https:\/\/www.farakostolna.sk\/index.php?rest_route=%2Fwp%2Fv2%2Fmedia&parent=5082"}],"wp:term":[{"taxonomy":"category","embeddable":true,"href":"https:\/\/www.farakostolna.sk\/index.php?rest_route=%2Fwp%2Fv2%2Fcategories&post=5082"},{"taxonomy":"post_tag","embeddable":true,"href":"https:\/\/www.farakostolna.sk\/index.php?rest_route=%2Fwp%2Fv2%2Ftags&post=5082"}],"curies":[{"name":"wp","href":"https:\/\/api.w.org\/{rel}","templated":true}]}}