{"id":5065,"date":"2020-11-28T11:44:34","date_gmt":"2020-11-28T11:44:34","guid":{"rendered":"http:\/\/kostolna.fara.sk\/?p=5065"},"modified":"2020-11-28T11:44:34","modified_gmt":"2020-11-28T11:44:34","slug":"farske-oznamy-a-zamyslenie-29-11-2020","status":"publish","type":"post","link":"https:\/\/www.farakostolna.sk\/?p=5065","title":{"rendered":"Farsk\u00e9 oznamy a zamyslenie (29.11.2020)"},"content":{"rendered":"\n\t\t\t\t\n\t\t\t\t\n<div class=\"wp-block-image\"><figure class=\"alignleft\"><img decoding=\"async\" src=\"http:\/\/kostolna.fara.sk\/wp-content\/uploads\/2020\/11\/WhatsApp-Image-2020-11-28-at-08.56.51.jpeg\" alt=\"\" class=\"wp-image-5066\"\/><\/figure><\/div>\n\n\n\n<p>Bdejte cel\u00fd \u010das a modlite sa, aby ste sa mohli postavi\u0165 pred Syna \u010dloveka. (porov. Lk 21, 36)<\/p>\n\n\n\n<p>Dne\u0161n\u00e1 elektronick\u00e1 komunik\u00e1cia o n\u00e1s prezr\u00e1dza jeden d\u00f4le\u017eit\u00fd detail. Je v nej presn\u00fd \u010das odoslania. Niekedy sme naozaj ako tak\u00e9 sovy, ktor\u00e9 nespia. D\u00f4vodov je hne\u010f nieko\u013eko &#8211; pr\u00e1ca, z\u00e1bava, neust\u00e1ly zhon za inform\u00e1ciami,\u2026 pre tieto veci dok\u00e1\u017eeme bdie\u0165. A \u010do tak bdie\u0165 pre tie Bo\u017eie? Alebo si mysl\u00edme, \u017ee n\u00e1s sa to net\u00fdka a pokojne si \u017eijeme v sladkej nevedomosti?<\/p>\n\n\n<p><!--more--><\/p>\n\n\n<p>V na\u0161ej farnosti bude aj tento v\u00edkend 7 sv\u00e4t\u00fdch om\u0161\u00ed s nede\u013enou platnos\u0165ou.<\/p>\n\n\n\n<p><strong>Dnes v sobotu:<br> 16:00 \u2013 Hrub\u00fd \u0160\u00far \u2013 (ma\u010f.)<br> 17:00 \u2013 Hrub\u00e1 Bor\u0161a \u2013 (slov.-ma\u010f.)<br> 18:00 \u2013 Kostoln\u00e1 \u2013 (slov.) <\/strong><\/p>\n\n\n\n<p><strong>Zajtra v nede\u013eu:<br> 7:00 \u2013 Kostoln\u00e1 \u2013 (slov.)<br> 8:00 \u2013 Hrub\u00fd \u0160\u00far \u2013 (ma\u010f.)<br> 9:30 \u2013 Kostoln\u00e1 \u2013 (ma\u010f.)<br> 11:00 \u2013 Kostoln\u00e1 \u2013 (slov.)<br><\/strong><br>Najmenej pr\u00edtomn\u00fdch na sv. om\u0161i je v sobotu o 18:00 a v nede\u013eu o 7:00. Vyu\u017eite tieto mo\u017enosti. M\u00f4\u017eete si prinies\u0165 adventn\u00e9 vence na po\u017eehnanie. V advente bud\u00fa aj ror\u00e1tne sv. om\u0161e r\u00e1no o 6:00 pod\u013ea rozpisu. Povzbudzujem V\u00e1s k \u00fa\u010dasti.<\/p>\n\n\n\n<p>Pre z\u00e1ujem zo strany veriacich bud\u00fa aj<strong> v decembri utorkov\u00e9 a \u0161tvrtkov\u00e9 tich\u00e9 ador\u00e1cie od 17:30 do 18:30 s mo\u017enos\u0165ou sv. prij\u00edmania, resp. sv\u00e4tej spovede.<\/strong> V kostole, pokia\u013e nie ste z jednej dom\u00e1cnosti, si sadajte pros\u00edm na sp\u00f4sob \u0161achovnice.<\/p>\n\n\n\n<p>T\u00ed, ktor\u00ed prich\u00e1dzate na sv\u00e4t\u00fa om\u0161u v sobotu ve\u010der, alebo zo zdravotn\u00fdch, \u010di in\u00fdch objekt\u00edvnych d\u00f4vodov neviete, alebo nem\u00f4\u017eete pr\u00eds\u0165 na sv\u00e4t\u00fa om\u0161u, V\u00e1m d\u00e1vam mo\u017enos\u0165 v Kostolnej <strong>jednotlivo prist\u00fapi\u0165 k sv\u00e4t\u00e9mu prij\u00edmaniu v nede\u013eu poobede od 13:30 do 14:00.<\/strong><\/p>\n\n\n\n<p>S \u00factou, <br>Pavol Gajdo\u0161, v\u00e1\u0161 far\u00e1r<\/p>\n\t\t\t\t","protected":false},"excerpt":{"rendered":"<p>Bdejte cel\u00fd \u010das a modlite sa, aby ste sa mohli postavi\u0165 pred Syna \u010dloveka. (porov. Lk 21, 36) Dne\u0161n\u00e1 elektronick\u00e1 komunik\u00e1cia o n\u00e1s prezr\u00e1dza jeden d\u00f4le\u017eit\u00fd detail. Je v nej presn\u00fd \u010das odoslania. Niekedy sme naozaj ako tak\u00e9 sovy, ktor\u00e9 nespia. D\u00f4vodov je hne\u010f nieko\u013eko &#8211; pr\u00e1ca, z\u00e1bava, neust\u00e1ly zhon za inform\u00e1ciami,\u2026 pre tieto veci &#8230; <span class=\"more\"><a class=\"more-link\" href=\"https:\/\/www.farakostolna.sk\/?p=5065\">[\u010c\u00edta\u0165 \u010falej&#8230;]<\/a><\/span><\/p>\n","protected":false},"author":7,"featured_media":5066,"comment_status":"closed","ping_status":"closed","sticky":false,"template":"","format":"standard","meta":{"footnotes":""},"categories":[1],"tags":[],"class_list":{"0":"entry","1":"post","2":"publish","3":"author-slado89gmail-com","4":"has-excerpt","5":"has-more-link","6":"post-5065","8":"format-standard","9":"has-post-thumbnail","10":"category-uncategorized"},"_links":{"self":[{"href":"https:\/\/www.farakostolna.sk\/index.php?rest_route=\/wp\/v2\/posts\/5065","targetHints":{"allow":["GET"]}}],"collection":[{"href":"https:\/\/www.farakostolna.sk\/index.php?rest_route=\/wp\/v2\/posts"}],"about":[{"href":"https:\/\/www.farakostolna.sk\/index.php?rest_route=\/wp\/v2\/types\/post"}],"author":[{"embeddable":true,"href":"https:\/\/www.farakostolna.sk\/index.php?rest_route=\/wp\/v2\/users\/7"}],"replies":[{"embeddable":true,"href":"https:\/\/www.farakostolna.sk\/index.php?rest_route=%2Fwp%2Fv2%2Fcomments&post=5065"}],"version-history":[{"count":0,"href":"https:\/\/www.farakostolna.sk\/index.php?rest_route=\/wp\/v2\/posts\/5065\/revisions"}],"wp:featuredmedia":[{"embeddable":true,"href":"https:\/\/www.farakostolna.sk\/index.php?rest_route=\/"}],"wp:attachment":[{"href":"https:\/\/www.farakostolna.sk\/index.php?rest_route=%2Fwp%2Fv2%2Fmedia&parent=5065"}],"wp:term":[{"taxonomy":"category","embeddable":true,"href":"https:\/\/www.farakostolna.sk\/index.php?rest_route=%2Fwp%2Fv2%2Fcategories&post=5065"},{"taxonomy":"post_tag","embeddable":true,"href":"https:\/\/www.farakostolna.sk\/index.php?rest_route=%2Fwp%2Fv2%2Ftags&post=5065"}],"curies":[{"name":"wp","href":"https:\/\/api.w.org\/{rel}","templated":true}]}}