{"id":5045,"date":"2020-11-21T10:45:31","date_gmt":"2020-11-21T10:45:31","guid":{"rendered":"http:\/\/kostolna.fara.sk\/?p=5045"},"modified":"2020-11-21T10:45:31","modified_gmt":"2020-11-21T10:45:31","slug":"farske-oznamy-a-zamyslenie-22-11-2020","status":"publish","type":"post","link":"https:\/\/www.farakostolna.sk\/?p=5045","title":{"rendered":"Farsk\u00e9 oznamy a zamyslenie (22.11.2020)"},"content":{"rendered":"\n\t\t\t\t\n\t\t\t\t\n<div class=\"wp-block-image\"><figure class=\"alignleft is-resized\"><img loading=\"lazy\" decoding=\"async\" src=\"http:\/\/kostolna.fara.sk\/wp-content\/uploads\/2020\/11\/WhatsApp-Image-2020-11-21-at-11.10.17-1024x765.jpeg\" alt=\"\" class=\"wp-image-5046\" width=\"382\" height=\"285\"\/><\/figure><\/div>\n\n\n\n<p>\u010coko\u013evek ste urobili jedn\u00e9mu z t\u00fdchto mojich najmen\u0161\u00edch bratov, mne ste urobili. (porov. Mt 25, 31-46)<\/p>\n\n\n\n<p>V rozhovore Kr\u00e1\u013ea pri rozde\u013eovan\u00ed na spasen\u00fdch a zatraten\u00fdch je jeden zauj\u00edmav\u00fd paradox. Dokonca ani t\u00ed spasen\u00ed nevedia, kedy konali dobro &#8211; p\u00fdtali sa rovnako, ako t\u00ed, ktor\u00ed nepomohli. Konali dobro s takou samozrejmos\u0165ou, \u017ee to nepova\u017eovali za nejak\u00fa v\u00fdnimo\u010dnos\u0165. Bo\u017ee, daj n\u00e1m tak\u00fdto postoj, aby sme Ti sl\u00fa\u017eili v in\u00fdch \u013eu\u010foch s takou samozrejmos\u0165ou a pokorou.<\/p>\n\n\n<p><!--more--><\/p>\n\n\n<p>V na\u0161ej farnosti bude tento v\u00edkend a\u017e <strong>7 sv\u00e4t\u00fdch om\u0161\u00ed<\/strong> s nede\u013enou platnos\u0165ou.<\/p>\n\n\n\n<p><b>Dnes v sobotu:<br><ul><li>16:00 \u2013 Hrub\u00fd \u0160\u00far \u2013 (ma\u010f.)<\/li><li>17:00 \u2013 Hrub\u00e1 Bor\u0161a \u2013 (slov.-ma\u010f.)<\/li><li>18:00 \u2013 Kostoln\u00e1 &#8211; (slov.)<\/li><\/ul><\/b><\/p>\n\n\n\n<p><b>Zajtra v nede\u013eu:<br><ul><li>7:00 \u2013 Kostoln\u00e1 &#8211; (slov.)<\/li><li>8:00 \u2013 Hrub\u00fd \u0160\u00far &#8211; (ma\u010f.)<\/li><li>9:30 \u2013 Kostoln\u00e1 &#8211; (ma\u010f.)<\/li><li>11:00 \u2013 Kostoln\u00e1 \u2013 (slov.)<\/li><\/ul><\/b><\/p>\n\n\n\n<p>Najmenej pr\u00edtomn\u00fdch na sv. om\u0161i je v sobotu o 18:00 a v nede\u013eu o 7:00. Vyu\u017eite tieto mo\u017enosti. \u010clenovia rodiny, ktor\u00ed \u017eij\u00fa v jednej dom\u00e1cnosti, m\u00f4\u017eu sedie\u0165 na sv\u00e4tej om\u0161i ved\u013ea seba, jednotlivci na sp\u00f4sob \u0161achovnice.<\/p>\n\n\n\n<p>T\u00ed, ktor\u00ed zo zdravotn\u00fdch, alebo in\u00fdch objekt\u00edvnych d\u00f4vodov sa nevedia z\u00fa\u010dastni\u0165 sv. om\u0161e, bud\u00fa m\u00f4c\u0165 aj teraz <strong>v nede\u013eu jednotlivo prist\u00fapi\u0165 k sv\u00e4t\u00e9mu prij\u00edmaniu v Kostolnej od 13:30 do 14:00.<\/strong><\/p>\n\n\n\n<p>A\u017e do konca novembra je mo\u017en\u00e9 z\u00edska\u0165 \u201edu\u0161i\u010dkov\u00e9\u201c odpustky, preto aj tento t\u00fd\u017ede\u0148 bude <strong>ador\u00e1cia v utorok a vo \u0161tvrtok<\/strong> s mo\u017enos\u0165ou sv. prij\u00edmania <strong>od 17:30 do 18:30.  V piatok<\/strong> potom bude <strong>ador\u00e1cia v Kostolnej <\/strong>tie\u017e <strong>od 16:00 do sv. om\u0161e.<\/strong> A\u017e do konca adventu sme pozvan\u00ed k piatkov\u00e9mu pr\u00edsnemu p\u00f4stu.<\/p>\n\n\n\n<p>Spoved\u00e1m pod\u013ea mo\u017enosti po\u010das t\u00fd\u017ed\u0148a v\u017edy p\u00e1r min\u00fat pred sv\u00e4tou om\u0161ou alebo po\u010das ador\u00e1cie.<\/p>\n\n\n\n<p>V t\u00fato nede\u013eu, po dlh\u0161om \u010dase, budeme ma\u0165 zbierku na opravu farsk\u00e9ho kostola a prev\u00e1dzkov\u00e9 n\u00e1klady farnosti. Ve\u013ek\u00e9 \u010fakujem za ka\u017ed\u00fd, aj drobn\u00fd milodar.<\/p>\n\n\n\n<p>Na bud\u00facu nede\u013eu je vo v\u0161etk\u00fdch kostoloch jesenn\u00e1 zbierka na charitu. Arcidiec\u00e9zna charita na Slovensku d\u00e1va veriacim mo\u017enos\u0165 prispie\u0165 do zbierky aj online na str\u00e1nke: <a href=\"http:\/\/www.precharituba.sk\">www.precharituba.sk<\/a>. Charita zd\u00f4raz\u0148uje my\u0161lienku podpory chudobn\u00fdch vo farnosti, ktor\u00fdm pr\u00e1ve po\u010das pand\u00e9mie vie pom\u00f4c\u0165 aj zo spom\u00ednanej zbierky. Bratislavsk\u00e1 arcidiec\u00e9zna charita si ve\u013emi v\u00e1\u017ei ka\u017ed\u00fd jeden dar a vopred \u010fakuje darcom za podporu, \u010di u\u017e v kostolnej alebo elektronickej forme jesennej zbierky na charitu.<\/p>\n\n\n\n<p>Bud\u00facu nede\u013eu po\u017eehn\u00e1vame adventn\u00e9 vence. M\u00f4\u017eete si ich prinies\u0165 na po\u017eehnanie.<\/p>\n\n\n\n<p>S \u00factou, Pavol Gajdo\u0161, v\u00e1\u0161 far\u00e1r<\/p>\n\n\n\n<p>(ilustr. sn\u00edmka: Tanz\u00e1nia\/Bulige \u2013 jan. 2020)<\/p>\n\t\t\t\t","protected":false},"excerpt":{"rendered":"<p>\u010coko\u013evek ste urobili jedn\u00e9mu z t\u00fdchto mojich najmen\u0161\u00edch bratov, mne ste urobili. (porov. Mt 25, 31-46) V rozhovore Kr\u00e1\u013ea pri rozde\u013eovan\u00ed na spasen\u00fdch a zatraten\u00fdch je jeden zauj\u00edmav\u00fd paradox. Dokonca ani t\u00ed spasen\u00ed nevedia, kedy konali dobro &#8211; p\u00fdtali sa rovnako, ako t\u00ed, ktor\u00ed nepomohli. Konali dobro s takou samozrejmos\u0165ou, \u017ee to nepova\u017eovali za nejak\u00fa &#8230; <span class=\"more\"><a class=\"more-link\" href=\"https:\/\/www.farakostolna.sk\/?p=5045\">[\u010c\u00edta\u0165 \u010falej&#8230;]<\/a><\/span><\/p>\n","protected":false},"author":7,"featured_media":5046,"comment_status":"closed","ping_status":"closed","sticky":false,"template":"","format":"standard","meta":{"footnotes":""},"categories":[17],"tags":[],"class_list":{"0":"entry","1":"post","2":"publish","3":"author-slado89gmail-com","4":"has-excerpt","5":"has-more-link","6":"post-5045","8":"format-standard","9":"has-post-thumbnail","10":"category-sv-omsa"},"_links":{"self":[{"href":"https:\/\/www.farakostolna.sk\/index.php?rest_route=\/wp\/v2\/posts\/5045","targetHints":{"allow":["GET"]}}],"collection":[{"href":"https:\/\/www.farakostolna.sk\/index.php?rest_route=\/wp\/v2\/posts"}],"about":[{"href":"https:\/\/www.farakostolna.sk\/index.php?rest_route=\/wp\/v2\/types\/post"}],"author":[{"embeddable":true,"href":"https:\/\/www.farakostolna.sk\/index.php?rest_route=\/wp\/v2\/users\/7"}],"replies":[{"embeddable":true,"href":"https:\/\/www.farakostolna.sk\/index.php?rest_route=%2Fwp%2Fv2%2Fcomments&post=5045"}],"version-history":[{"count":0,"href":"https:\/\/www.farakostolna.sk\/index.php?rest_route=\/wp\/v2\/posts\/5045\/revisions"}],"wp:featuredmedia":[{"embeddable":true,"href":"https:\/\/www.farakostolna.sk\/index.php?rest_route=\/"}],"wp:attachment":[{"href":"https:\/\/www.farakostolna.sk\/index.php?rest_route=%2Fwp%2Fv2%2Fmedia&parent=5045"}],"wp:term":[{"taxonomy":"category","embeddable":true,"href":"https:\/\/www.farakostolna.sk\/index.php?rest_route=%2Fwp%2Fv2%2Fcategories&post=5045"},{"taxonomy":"post_tag","embeddable":true,"href":"https:\/\/www.farakostolna.sk\/index.php?rest_route=%2Fwp%2Fv2%2Ftags&post=5045"}],"curies":[{"name":"wp","href":"https:\/\/api.w.org\/{rel}","templated":true}]}}