{"id":5038,"date":"2020-11-15T12:17:08","date_gmt":"2020-11-15T12:17:08","guid":{"rendered":"http:\/\/kostolna.fara.sk\/?p=5038"},"modified":"2020-11-15T12:17:08","modified_gmt":"2020-11-15T12:17:08","slug":"svata-omsa-z-kostolnej","status":"publish","type":"post","link":"https:\/\/www.farakostolna.sk\/?p=5038","title":{"rendered":"Sv\u00e4t\u00e1 om\u0161a z Kostolnej"},"content":{"rendered":"\n\t\t\t\t\n\t\t\t\t\n<p>Mil\u00ed priatelia, pon\u00fakame v\u00e1m z\u00e1znam z nede\u013enej sv\u00e4tej om\u0161e (15.11.2020) z Kostolnej pri Dunaji. Obraz bol tentoraz ve\u013emi dobr\u00fd, zvuk sa n\u00e1m nepodarilo napoji\u0165 na priamo, preto je tro\u0161ku slab\u0161\u00ed, za\u010do sa ospravedl\u0148ujeme.<\/p>\n\n\n\n<p>Z\u00e1znam zo sv\u00e4tej om\u0161e je na tejto linke. <a href=\"https:\/\/www.facebook.com\/100022493231972\/videos\/827048258054941\/\" target=\"_blank\" rel=\"noreferrer noopener\" aria-label=\"Tu (otvor\u00ed sa v novej karte)\">Tu<\/a><\/p>\n\n\n\n<figure class=\"wp-block-image\"><img decoding=\"async\" src=\"http:\/\/kostolna.fara.sk\/wp-content\/uploads\/2020\/11\/WhatsApp-Image-2020-11-15-at-12.41.10-1024x768.jpeg\" alt=\"\" class=\"wp-image-5040\"\/><\/figure>\n\n\n\n<p><br><\/p>\n\t\t\t\t","protected":false},"excerpt":{"rendered":"<p>Mil\u00ed priatelia, pon\u00fakame v\u00e1m z\u00e1znam z nede\u013enej sv\u00e4tej om\u0161e (15.11.2020) z Kostolnej pri Dunaji. Obraz bol tentoraz ve\u013emi dobr\u00fd, zvuk sa n\u00e1m nepodarilo napoji\u0165 na priamo, preto je tro\u0161ku slab\u0161\u00ed, za\u010do sa ospravedl\u0148ujeme. Z\u00e1znam zo sv\u00e4tej om\u0161e je na tejto linke. Tu<\/p>\n","protected":false},"author":1,"featured_media":5040,"comment_status":"open","ping_status":"open","sticky":false,"template":"","format":"standard","meta":{"footnotes":""},"categories":[1],"tags":[],"class_list":{"0":"entry","1":"post","2":"publish","3":"author-marian-jasenoveceltras-sk","4":"has-excerpt","5":"post-5038","7":"format-standard","8":"has-post-thumbnail","9":"category-uncategorized"},"_links":{"self":[{"href":"https:\/\/www.farakostolna.sk\/index.php?rest_route=\/wp\/v2\/posts\/5038","targetHints":{"allow":["GET"]}}],"collection":[{"href":"https:\/\/www.farakostolna.sk\/index.php?rest_route=\/wp\/v2\/posts"}],"about":[{"href":"https:\/\/www.farakostolna.sk\/index.php?rest_route=\/wp\/v2\/types\/post"}],"author":[{"embeddable":true,"href":"https:\/\/www.farakostolna.sk\/index.php?rest_route=\/wp\/v2\/users\/1"}],"replies":[{"embeddable":true,"href":"https:\/\/www.farakostolna.sk\/index.php?rest_route=%2Fwp%2Fv2%2Fcomments&post=5038"}],"version-history":[{"count":0,"href":"https:\/\/www.farakostolna.sk\/index.php?rest_route=\/wp\/v2\/posts\/5038\/revisions"}],"wp:featuredmedia":[{"embeddable":true,"href":"https:\/\/www.farakostolna.sk\/index.php?rest_route=\/"}],"wp:attachment":[{"href":"https:\/\/www.farakostolna.sk\/index.php?rest_route=%2Fwp%2Fv2%2Fmedia&parent=5038"}],"wp:term":[{"taxonomy":"category","embeddable":true,"href":"https:\/\/www.farakostolna.sk\/index.php?rest_route=%2Fwp%2Fv2%2Fcategories&post=5038"},{"taxonomy":"post_tag","embeddable":true,"href":"https:\/\/www.farakostolna.sk\/index.php?rest_route=%2Fwp%2Fv2%2Ftags&post=5038"}],"curies":[{"name":"wp","href":"https:\/\/api.w.org\/{rel}","templated":true}]}}