{"id":5032,"date":"2020-11-14T10:19:15","date_gmt":"2020-11-14T10:19:15","guid":{"rendered":"http:\/\/kostolna.fara.sk\/?p=5032"},"modified":"2020-11-14T10:19:15","modified_gmt":"2020-11-14T10:19:15","slug":"farske-oznamy-a-zamyslenie-15-11-2020","status":"publish","type":"post","link":"https:\/\/www.farakostolna.sk\/?p=5032","title":{"rendered":"Farsk\u00e9 oznamy a zamyslenie (15.11.2020)"},"content":{"rendered":"\n\t\t\t\t\n\t\t\t\t\n<div class=\"wp-block-image\"><figure class=\"alignleft is-resized\"><img loading=\"lazy\" decoding=\"async\" src=\"http:\/\/kostolna.fara.sk\/wp-content\/uploads\/2020\/11\/WhatsApp-Image-2020-11-14-at-11.09.19-1024x576.jpeg\" alt=\"\" class=\"wp-image-5033\" width=\"371\" height=\"208\"\/><\/figure><\/div>\n\n\n\n<p>Po\u010duli sme to u\u017e ve\u013ea kr\u00e1t &#8211; podobenstvo o talentoch. (Mt 25, 14-30) O t\u00fdch vyu\u017eit\u00fdch aj o tom premrhanom &#8211; zakopanom. Slovo &#8220;talent&#8221; sp\u00e1jame \u010dasto s umeleck\u00fdm nadan\u00edm, \u010di nejakou \u0161peci\u00e1lnou danos\u0165ou, ktor\u00fa m\u00e1 \u00fazka skupina \u013eud\u00ed. Je to naozaj tak, \u017ee ostatn\u00ed s\u00fa odk\u00e1zan\u00ed na ich talentovanos\u0165 a &#8220;len&#8221; sa maj\u00fa prizera\u0165? V duchovnej oblasti talenty objavujeme cel\u00fd \u017eivot. Odkr\u00fdvaj\u00fa sa pri modlitbe a v spolo\u010denstve &#8211; \u00e1no to spolo\u010denstvo, ktor\u00e9 neraz zanedb\u00e1vame a mysl\u00edme si, \u017ee viera je s\u00fakromnou z\u00e1le\u017eitos\u0165ou. Spolo\u010denstvo je toti\u017e hnac\u00edm motorom pri objavovan\u00ed a rozv\u00edjan\u00ed na\u0161ich talentov.<\/p>\n\n\n<p><!--more--><\/p>\n\n\n<p><strong>Sv\u00e4t\u00e9 prij\u00edmanie<\/strong> sa bude rozd\u00e1va\u0165 <strong>v t\u00fato nede\u013eu: v Hrubom \u0160\u00fare od 14:00 do 14:30 a v Kostolnej od 15:00 do 17:00<\/strong>, kedy bude vylo\u017een\u00e1 aj Sviatos\u0165 Olt\u00e1rna na s\u00fakromn\u00fa tich\u00fa ador\u00e1ciu a pritom budem k dispoz\u00edcii aj k sviatosti zmierenia.<\/p>\n\n\n\n<p>Vzh\u013eadom nato, \u017ee tento rok je mo\u017en\u00e9 z\u00edska\u0165 \u201edu\u0161i\u010dkov\u00e9\u201c odpustky cel\u00fd november, rozhodol som sa da\u0165 aj <strong>hodinov\u00fa ador\u00e1ciu v\u017edy v utorok a vo \u0161tvrtok s mo\u017enos\u0165ou sv. prij\u00edmania od 17:30 do 18:30<\/strong> do konca mesiaca. Pr\u00edsny piatkov\u00fd p\u00f4st je vyhl\u00e1sen\u00fd a\u017e do konca adventu. Ke\u010f\u017ee sa od pondelka zav\u00e1dza z\u00e1kaz no\u010dn\u00e9ho vych\u00e1dzania, predsie\u0148 kostola v Kostolnej bude po novom otvoren\u00e1 denne od 8:00 do 21:30.  <\/p>\n\n\n\n<p>Bud\u00facu nede\u013eu, po dlh\u0161om \u010dase, budeme ma\u0165 zbierku na opravu farsk\u00e9ho kostola a prev\u00e1dzkov\u00e9 n\u00e1klady farnosti. Som si vedom\u00fd, \u017ee viacer\u00ed ste sa ocitli v hor\u0161ej finan\u010dnej situ\u00e1cii a preto budem v\u010fa\u010dn\u00fd za ka\u017ed\u00fd, aj drobn\u00fd milodar.<\/p>\n\n\n\n<p>Zaiste, v\u00e4\u010d\u0161ina z n\u00e1s sme ve\u013emi radi, \u017ee od pondelka m\u00f4\u017eeme op\u00e4\u0165 verejne nav\u0161tevova\u0165 bohoslu\u017eby. Pre men\u0161iu koncentr\u00e1ciu \u013eud\u00ed v nede\u013eu, som od bud\u00faceho t\u00fd\u017ed\u0148a a\u017e do odvolania pridal dve sv\u00e4t\u00e9 om\u0161e. Pre veriaceho \u010dloveka je naozaj d\u00f4le\u017eit\u00e1 mo\u017enos\u0165 prij\u00edma\u0165 sviatosti pre duchovn\u00fa posilu. Nezab\u00fadajme v\u0161ak, \u017ee st\u00e1le je potrebn\u00e9 dodr\u017eiava\u0165 aj hygienick\u00e9 pravidl\u00e1, aby sa situ\u00e1cia \u010falej nezhor\u0161ovala.<\/p>\n\n\n\n<p>S \u00factou, <br>Pavol Gajdo\u0161, v\u00e1\u0161 far\u00e1r<\/p>\n\t\t\t\t","protected":false},"excerpt":{"rendered":"<p>Po\u010duli sme to u\u017e ve\u013ea kr\u00e1t &#8211; podobenstvo o talentoch. (Mt 25, 14-30) O t\u00fdch vyu\u017eit\u00fdch aj o tom premrhanom &#8211; zakopanom. Slovo &#8220;talent&#8221; sp\u00e1jame \u010dasto s umeleck\u00fdm nadan\u00edm, \u010di nejakou \u0161peci\u00e1lnou danos\u0165ou, ktor\u00fa m\u00e1 \u00fazka skupina \u013eud\u00ed. Je to naozaj tak, \u017ee ostatn\u00ed s\u00fa odk\u00e1zan\u00ed na ich talentovanos\u0165 a &#8220;len&#8221; sa maj\u00fa prizera\u0165? V &#8230; <span class=\"more\"><a class=\"more-link\" href=\"https:\/\/www.farakostolna.sk\/?p=5032\">[\u010c\u00edta\u0165 \u010falej&#8230;]<\/a><\/span><\/p>\n","protected":false},"author":7,"featured_media":5033,"comment_status":"closed","ping_status":"closed","sticky":false,"template":"","format":"standard","meta":{"footnotes":""},"categories":[5],"tags":[],"class_list":{"0":"entry","1":"post","2":"publish","3":"author-slado89gmail-com","4":"has-excerpt","5":"has-more-link","6":"post-5032","8":"format-standard","9":"has-post-thumbnail","10":"category-aktuality"},"_links":{"self":[{"href":"https:\/\/www.farakostolna.sk\/index.php?rest_route=\/wp\/v2\/posts\/5032","targetHints":{"allow":["GET"]}}],"collection":[{"href":"https:\/\/www.farakostolna.sk\/index.php?rest_route=\/wp\/v2\/posts"}],"about":[{"href":"https:\/\/www.farakostolna.sk\/index.php?rest_route=\/wp\/v2\/types\/post"}],"author":[{"embeddable":true,"href":"https:\/\/www.farakostolna.sk\/index.php?rest_route=\/wp\/v2\/users\/7"}],"replies":[{"embeddable":true,"href":"https:\/\/www.farakostolna.sk\/index.php?rest_route=%2Fwp%2Fv2%2Fcomments&post=5032"}],"version-history":[{"count":0,"href":"https:\/\/www.farakostolna.sk\/index.php?rest_route=\/wp\/v2\/posts\/5032\/revisions"}],"wp:featuredmedia":[{"embeddable":true,"href":"https:\/\/www.farakostolna.sk\/index.php?rest_route=\/"}],"wp:attachment":[{"href":"https:\/\/www.farakostolna.sk\/index.php?rest_route=%2Fwp%2Fv2%2Fmedia&parent=5032"}],"wp:term":[{"taxonomy":"category","embeddable":true,"href":"https:\/\/www.farakostolna.sk\/index.php?rest_route=%2Fwp%2Fv2%2Fcategories&post=5032"},{"taxonomy":"post_tag","embeddable":true,"href":"https:\/\/www.farakostolna.sk\/index.php?rest_route=%2Fwp%2Fv2%2Ftags&post=5032"}],"curies":[{"name":"wp","href":"https:\/\/api.w.org\/{rel}","templated":true}]}}