{"id":5020,"date":"2020-11-07T10:36:57","date_gmt":"2020-11-07T10:36:57","guid":{"rendered":"http:\/\/kostolna.fara.sk\/?p=5020"},"modified":"2020-11-07T10:36:57","modified_gmt":"2020-11-07T10:36:57","slug":"farske-oznamy-a-zamyslenie-8-11-2020","status":"publish","type":"post","link":"https:\/\/www.farakostolna.sk\/?p=5020","title":{"rendered":"Farsk\u00e9 oznamy a zamyslenie (8.11.2020)"},"content":{"rendered":"\n\t\t\t\t\n\t\t\t\t\n<div class=\"wp-block-image\"><figure class=\"alignleft is-resized\"><img loading=\"lazy\" decoding=\"async\" src=\"http:\/\/kostolna.fara.sk\/wp-content\/uploads\/2020\/11\/WhatsApp-Image-2020-11-07-at-11.17.11-1024x683.jpeg\" alt=\"\" class=\"wp-image-5021\" width=\"427\" height=\"284\"\/><\/figure><\/div>\n\n\n\n<p>M\u00fadros\u0165 a rozvaha. M\u00fadre panny si zachovali nielen olej v lamp\u00e1ch v \u010dase pr\u00edchodu \u017een\u00edcha, ale aj rozvahu &#8211; prejav m\u00fadrosti. Nedovolili, aby ich v \u010dasovej tiesni pod n\u00e1tlakom &#8220;hl\u00fape&#8221; panny odl\u00e1kali od \u017een\u00edcha. Bu\u010fme aj my rozv\u00e1\u017eni a nezbabrime si na\u0161u cestu k Bohu n\u00e1tlakom, \u0165a\u017ekos\u0165ami, \u010di l\u00e1kadlami doby, ktor\u00e9 by n\u00e1s obrali o ve\u010dnos\u0165. V tomto podobenstve sa ukazuje d\u00f4le\u017eitos\u0165 vytrvalosti v \u010dnosti bez oh\u013eadu na okolnosti. (Mt 25, 1-13)<\/p>\n\n\n<p><!--more--><\/p>\n\n\n<p><strong>V t\u00fato nede\u013eu<\/strong> sa bude rozd\u00e1va\u0165<strong> sv. prij\u00edmanie v Hrubom \u0160\u00fare<\/strong> v kaplnke <strong>od 14:30 do 15:00 a v Kostolnej od 15:30 a\u017e do 18:30<\/strong>, kedy bude vylo\u017een\u00e1 aj Sviatos\u0165 Olt\u00e1rna na s\u00fakromn\u00fa tich\u00fa ador\u00e1ciu a pritom budem k dispoz\u00edcii aj k sviatosti zmierenia.<\/p>\n\n\n\n<p>Sv\u00e4t\u00e9 om\u0161e sl\u00fa\u017eim denne. T\u00ed, ktor\u00ed m\u00e1te \u00famysly, pros\u00edm, dohodnite si konkr\u00e9tny \u010das, ke\u010f\u017ee po\u010det pr\u00edtomn\u00fdch na sv\u00e4tej om\u0161i je st\u00e1le v\u00fdrazne obmedzen\u00fd. Sv. prij\u00edmanie sa aj v najbli\u017e\u0161\u00edch d\u0148och bude vysluhova\u0165 v\u017edy od 18:00 do 18:30. Pokia\u013e trv\u00e1 tento stav, n\u00e1\u0161 farsk\u00fd kostol v Kostolnej (predsie\u0148 kostola) je pre v\u00e1s nepretr\u017eite otvoren\u00fd. Sv\u00e4ty\u0148a je aj v noci osvetlen\u00e1 pre s\u00fakromn\u00fa ador\u00e1ciu.<\/p>\n\n\n\n<p>V stredu o 14:00 sa na cintor\u00edne v Hrubom \u0160\u00fare cirkevn\u00fdm pohrebom rozl\u00fa\u010dime s na\u0161ou farn\u00ed\u010dkou, pani M\u00e1riou Szimethovou, rodenou V\u00e1genf\u00e1lovou (73). Spome\u0148me si na \u0148u v modlitbe. <br>Krsty, sob\u00e1\u0161e a pohreby sa s ur\u010dit\u00fdmi obmedzeniami vysluhuj\u00fa aj teraz. K individu\u00e1lnemu rozhovoru, sv. prij\u00edmaniu, zaopatrovaniu chor\u00fdch, vysl\u00fa\u017eeniu sv\u00e4tej om\u0161e ma spokojne kedyko\u013evek kontaktujte telefonicky (\u202a0902 359 859\u202c).<\/p>\n\n\n\n<p>Otcami biskupmi je udelen\u00fd di\u0161penz od osobnej \u00fa\u010dasti na sv\u00e4tej om\u0161i a\u017e do odvolania, samozrejme, v takom pr\u00edpade je potrebn\u00e9 s n\u00e1le\u017eitou \u00factou a pozornos\u0165ou sledova\u0165, alebo po\u010d\u00fava\u0165 sv\u00e4t\u00fa om\u0161u cez masovokomunika\u010dn\u00e9 prostriedky.<\/p>\n\n\n\n<p>Pr\u00edsny piatkov\u00fd p\u00f4st je vyhl\u00e1sen\u00fd a\u017e do konca adventu. V tomto roku je mo\u017en\u00e9 z\u00edska\u0165 \u201edu\u0161i\u010dkov\u00e9\u201c odpustky cel\u00fd november. Z predaja svie\u010dok \u201eza nenaroden\u00e9 deti\u201c sme spolu pre \u201eF\u00f3rum \u017eivota\u201c vyzbierali v na\u0161ej farnosti tento t\u00fd\u017ede\u0148 372 \u20ac. Peniaze sa prepo\u0161l\u00fa na dan\u00fd \u00fa\u010det. V\u0161etk\u00fdm \u010fakujem. Osobitne t\u00fdmto \u010fakujem aj na\u0161ej koordin\u00e1torke Veronike Anderkovi\u010dovej.<\/p>\n\n\n\n<p>Op\u00e4tovne v\u00e1m d\u00e1vam do pozornosti sv\u00e4t\u00e9 om\u0161e aj cez:<\/p>\n\n\n\n<ul class=\"wp-block-list\"><li>TV LUX vysiela sv\u00e4t\u00e9 om\u0161e v nedele o 10:00 a 18:30. Od pondelka do soboty o 7:00 a 18:30, <\/li><li>R\u00e1dio LUMEN: ka\u017ed\u00fd de\u0148 o 8:30 a 18:00, <\/li><li>R\u00e1dio M\u00e1ria Slovensko: v nede\u013eu o 9:00 a 16:30. <\/li><\/ul>\n\n\n\n<p>S \u00factou, <br>Pavol Gajdo\u0161, v\u00e1\u0161 far\u00e1r \u202a0902 359 859\u202c<\/p>\n\t\t\t\t","protected":false},"excerpt":{"rendered":"<p>M\u00fadros\u0165 a rozvaha. M\u00fadre panny si zachovali nielen olej v lamp\u00e1ch v \u010dase pr\u00edchodu \u017een\u00edcha, ale aj rozvahu &#8211; prejav m\u00fadrosti. Nedovolili, aby ich v \u010dasovej tiesni pod n\u00e1tlakom &#8220;hl\u00fape&#8221; panny odl\u00e1kali od \u017een\u00edcha. Bu\u010fme aj my rozv\u00e1\u017eni a nezbabrime si na\u0161u cestu k Bohu n\u00e1tlakom, \u0165a\u017ekos\u0165ami, \u010di l\u00e1kadlami doby, ktor\u00e9 by n\u00e1s obrali o &#8230; <span class=\"more\"><a class=\"more-link\" href=\"https:\/\/www.farakostolna.sk\/?p=5020\">[\u010c\u00edta\u0165 \u010falej&#8230;]<\/a><\/span><\/p>\n","protected":false},"author":7,"featured_media":5021,"comment_status":"closed","ping_status":"closed","sticky":false,"template":"","format":"standard","meta":{"footnotes":""},"categories":[17],"tags":[],"class_list":{"0":"entry","1":"post","2":"publish","3":"author-slado89gmail-com","4":"has-excerpt","5":"has-more-link","6":"post-5020","8":"format-standard","9":"has-post-thumbnail","10":"category-sv-omsa"},"_links":{"self":[{"href":"https:\/\/www.farakostolna.sk\/index.php?rest_route=\/wp\/v2\/posts\/5020","targetHints":{"allow":["GET"]}}],"collection":[{"href":"https:\/\/www.farakostolna.sk\/index.php?rest_route=\/wp\/v2\/posts"}],"about":[{"href":"https:\/\/www.farakostolna.sk\/index.php?rest_route=\/wp\/v2\/types\/post"}],"author":[{"embeddable":true,"href":"https:\/\/www.farakostolna.sk\/index.php?rest_route=\/wp\/v2\/users\/7"}],"replies":[{"embeddable":true,"href":"https:\/\/www.farakostolna.sk\/index.php?rest_route=%2Fwp%2Fv2%2Fcomments&post=5020"}],"version-history":[{"count":0,"href":"https:\/\/www.farakostolna.sk\/index.php?rest_route=\/wp\/v2\/posts\/5020\/revisions"}],"wp:featuredmedia":[{"embeddable":true,"href":"https:\/\/www.farakostolna.sk\/index.php?rest_route=\/"}],"wp:attachment":[{"href":"https:\/\/www.farakostolna.sk\/index.php?rest_route=%2Fwp%2Fv2%2Fmedia&parent=5020"}],"wp:term":[{"taxonomy":"category","embeddable":true,"href":"https:\/\/www.farakostolna.sk\/index.php?rest_route=%2Fwp%2Fv2%2Fcategories&post=5020"},{"taxonomy":"post_tag","embeddable":true,"href":"https:\/\/www.farakostolna.sk\/index.php?rest_route=%2Fwp%2Fv2%2Ftags&post=5020"}],"curies":[{"name":"wp","href":"https:\/\/api.w.org\/{rel}","templated":true}]}}