{"id":5012,"date":"2020-11-05T18:18:34","date_gmt":"2020-11-05T18:18:34","guid":{"rendered":"http:\/\/kostolna.fara.sk\/?p=5012"},"modified":"2020-11-05T18:18:34","modified_gmt":"2020-11-05T18:18:34","slug":"mam-pozitivny-test","status":"publish","type":"post","link":"https:\/\/www.farakostolna.sk\/?p=5012","title":{"rendered":"M\u00e1m pozit\u00edvny test"},"content":{"rendered":"\n\t\t\t\t\n\t\t\t\t\n<div class=\"wp-block-image\"><figure class=\"alignleft is-resized\"><img loading=\"lazy\" decoding=\"async\" src=\"http:\/\/kostolna.fara.sk\/wp-content\/uploads\/2020\/11\/WhatsApp-Image-2020-11-05-at-19.12.56-505x1024.jpeg\" alt=\"\" class=\"wp-image-5013\" width=\"283\" height=\"574\"\/><\/figure><\/div>\n\n\n\n<p>V&nbsp;minulosti som nevedel pochopi\u0165, ako sa dok\u00e1zali navz\u00e1jom ud\u00e1va\u0165 susedia, ke\u010f zab\u00edjali prasa. \u017dijeme v&nbsp;mesiacoch, kedy sme v\u0161etci pod ve\u013ek\u00fdm tlakom z obavy o&nbsp;rodinu, zdravie, bud\u00facnos\u0165&#8230; A&nbsp;pr\u00e1ve v&nbsp;takomto prostred\u00ed sa ukazuje, ako vieme osta\u0165 \u013eu\u010fmi, re\u0161pektova\u0165 druh\u00e9ho in\u00fd n\u00e1zor, presved\u010denie, slobodn\u00fa v\u00f4\u013eu. Spozn\u00e1vame, kto s\u00fa na\u0161imi priate\u013emi, kto dvihne telef\u00f3n, kto n\u00e1s prij\u00edma s&nbsp;jedine\u010dnos\u0165ami, rozdielmi, (i chybami) a&nbsp;kto nie.<\/p>\n\n\n<p><!--more--><\/p>\n\n\n<p>Te\u0161\u00edm sa, \u017ee v\u00e4\u010d\u0161ina \u013eud\u00ed, ktor\u00ed lemuj\u00fa m\u00f4j vesm\u00edr, re\u0161pektuje moju osobitos\u0165. Dobrovo\u013ene som ostal vy\u0161e t\u00fd\u017ed\u0148a (od stredy) v&nbsp;st\u00ed\u0161en\u00ed, modlitbe, \u00favahe nad podstatou \u017eivota. Nazvime to duchovn\u00e9 cvi\u010denia. Mal som ich p\u00f4vodne v pl\u00e1ne o&nbsp;t\u00fd\u017ede\u0148 nesk\u00f4r, ale zo zn\u00e1mych d\u00f4vodov sa neuskuto\u010dnia. \u010eakujem za skvel\u00fdch \u013eud\u00ed&#8230; moju mamu, sestru, \u0161vagra. Menovite spomeniem Igora \u0160illa, ktor\u00fd aj napriek m\u00f4jmu rozhodnutiu nez\u00fa\u010dastni\u0165 sa v\u00edkendov\u00e9ho testovania, pri ktorom ako miestny starosta excelentne so svoj\u00edm t\u00edmom v\u0161etko zabezpe\u010doval, bol mi nesmierne n\u00e1pomocn\u00fd napr\u00edklad aj pri zabezpe\u010den\u00ed prenosu sv\u00e4tej om\u0161e. Bez agit\u00e1cie, prehov\u00e1rania, bez jedin\u00e9ho kriv\u00e9ho poh\u013eadu. A&nbsp;boli zlat\u00ed aj&nbsp;mnoh\u00ed \u010fal\u0161\u00ed&#8230; niektor\u00ed sa pon\u00fakli, \u017ee mi urobia n\u00e1kup, podaj\u00fa obed, v&nbsp;\u010domko\u013evek pom\u00f4\u017eu&#8230; takpovediac mi tento test vy\u0161iel silne pozit\u00edvne. \u010eakujem za v\u00e1s, mil\u00ed moji priatelia!<\/p>\n\n\n\n<p>Ale na\u0161li sa aj tak\u00ed, ktor\u00ed moje dobrovo\u013en\u00e9 rozhodnutie prijali s&nbsp;ve\u013ekou nev\u00f4\u013eou a&nbsp;pri r\u00f4znych pr\u00edle\u017eitostiach ma neopisovali v&nbsp;najkraj\u0161\u00edch farb\u00e1ch.<\/p>\n\n\n\n<p>Pre\u010do nevieme druh\u00e9ho re\u0161pektova\u0165? Prija\u0165 tak\u00e9ho ak\u00fd je? Pre\u010do si uzurpujeme pr\u00e1vo na absol\u00fatnu pravdu? Pre\u010do druh\u00e9mu chceme vybera\u0165 smietku z oka a vlastn\u00e9 brvn\u00e1 prehliadame?!<\/p>\n\n\n\n<p>Tak\u017ee takto dopadol test. A&nbsp;kto si dal t\u00fa n\u00e1mahu a&nbsp;\u010d\u00edtal a\u017e do teraz,&nbsp;tak oh\u013eadne kovidu, vo va\u010dku skr\u00fdvam papier&#8230;<\/p>\n\n\n\n<p>\u2013 negat\u00edvny.<\/p>\n\n\n\n<p>Pavol Gajdo\u0161, v\u00e1\u0161 far\u00e1r<\/p>\n\t\t\t\t","protected":false},"excerpt":{"rendered":"<p>V&nbsp;minulosti som nevedel pochopi\u0165, ako sa dok\u00e1zali navz\u00e1jom ud\u00e1va\u0165 susedia, ke\u010f zab\u00edjali prasa. \u017dijeme v&nbsp;mesiacoch, kedy sme v\u0161etci pod ve\u013ek\u00fdm tlakom z obavy o&nbsp;rodinu, zdravie, bud\u00facnos\u0165&#8230; A&nbsp;pr\u00e1ve v&nbsp;takomto prostred\u00ed sa ukazuje, ako vieme osta\u0165 \u013eu\u010fmi, re\u0161pektova\u0165 druh\u00e9ho in\u00fd n\u00e1zor, presved\u010denie, slobodn\u00fa v\u00f4\u013eu. Spozn\u00e1vame, kto s\u00fa na\u0161imi priate\u013emi, kto dvihne telef\u00f3n, kto n\u00e1s prij\u00edma s&nbsp;jedine\u010dnos\u0165ami, rozdielmi, &#8230; <span class=\"more\"><a class=\"more-link\" href=\"https:\/\/www.farakostolna.sk\/?p=5012\">[\u010c\u00edta\u0165 \u010falej&#8230;]<\/a><\/span><\/p>\n","protected":false},"author":7,"featured_media":5015,"comment_status":"closed","ping_status":"closed","sticky":false,"template":"","format":"standard","meta":{"footnotes":""},"categories":[5],"tags":[],"class_list":{"0":"entry","1":"post","2":"publish","3":"author-slado89gmail-com","4":"has-excerpt","5":"has-more-link","6":"post-5012","8":"format-standard","9":"has-post-thumbnail","10":"category-aktuality"},"_links":{"self":[{"href":"https:\/\/www.farakostolna.sk\/index.php?rest_route=\/wp\/v2\/posts\/5012","targetHints":{"allow":["GET"]}}],"collection":[{"href":"https:\/\/www.farakostolna.sk\/index.php?rest_route=\/wp\/v2\/posts"}],"about":[{"href":"https:\/\/www.farakostolna.sk\/index.php?rest_route=\/wp\/v2\/types\/post"}],"author":[{"embeddable":true,"href":"https:\/\/www.farakostolna.sk\/index.php?rest_route=\/wp\/v2\/users\/7"}],"replies":[{"embeddable":true,"href":"https:\/\/www.farakostolna.sk\/index.php?rest_route=%2Fwp%2Fv2%2Fcomments&post=5012"}],"version-history":[{"count":0,"href":"https:\/\/www.farakostolna.sk\/index.php?rest_route=\/wp\/v2\/posts\/5012\/revisions"}],"wp:featuredmedia":[{"embeddable":true,"href":"https:\/\/www.farakostolna.sk\/index.php?rest_route=\/"}],"wp:attachment":[{"href":"https:\/\/www.farakostolna.sk\/index.php?rest_route=%2Fwp%2Fv2%2Fmedia&parent=5012"}],"wp:term":[{"taxonomy":"category","embeddable":true,"href":"https:\/\/www.farakostolna.sk\/index.php?rest_route=%2Fwp%2Fv2%2Fcategories&post=5012"},{"taxonomy":"post_tag","embeddable":true,"href":"https:\/\/www.farakostolna.sk\/index.php?rest_route=%2Fwp%2Fv2%2Ftags&post=5012"}],"curies":[{"name":"wp","href":"https:\/\/api.w.org\/{rel}","templated":true}]}}