{"id":4998,"date":"2020-10-30T11:40:17","date_gmt":"2020-10-30T11:40:17","guid":{"rendered":"http:\/\/kostolna.fara.sk\/?p=4998"},"modified":"2020-10-30T11:40:17","modified_gmt":"2020-10-30T11:40:17","slug":"farske-oznamy-a-myslienka-na-prahu-sviatkov","status":"publish","type":"post","link":"https:\/\/www.farakostolna.sk\/?p=4998","title":{"rendered":"Farsk\u00e9 oznamy a my\u0161lienka na prahu sviatkov"},"content":{"rendered":"\n\t\t\t\t\n\t\t\t\t\n<div class=\"wp-block-image\"><figure class=\"alignleft is-resized\"><img loading=\"lazy\" decoding=\"async\" src=\"http:\/\/kostolna.fara.sk\/wp-content\/uploads\/2020\/10\/WhatsApp-Image-2020-10-30-at-12.17.00-1024x683.jpeg\" alt=\"\" class=\"wp-image-4999\" width=\"395\" height=\"264\"\/><\/figure><\/div>\n\n\n\n<p>Blahoslaven\u00ed \u010dist\u00e9ho srdca, lebo oni uvidia Boha. Ale \u010do je to to \u010dist\u00e9 srdce? Niekedy n\u00e1m vy\u010d\u00edtaj\u00fa, \u017ee sa chl\u00e1chol\u00edme len t\u00fdm, \u017ee v nebi n\u00e1m bude dobre &#8211; dos\u0165 podrobne o tom hovoria blahoslavenstv\u00e1. Ale toto nie je iba dokonal\u00fd n\u00e1vod na ve\u010dn\u00fd \u017eivot s Bohom, ve\u010f ovocie citliv\u00e9ho pr\u00edstupu, pokory, spravodlivosti, milosrdenstva, \u010dist\u00e9ho srdca, \u010di \u0161\u00edrenia pokoja uvid\u00edme u\u017e tu na zemi. Z\u00e1le\u017e\u00ed len na n\u00e1s, akou cestou sa vyd\u00e1me. (Mt 5, 1-12)<\/p>\n\n\n<p><!--more--><\/p>\n\n\n<p><strong>V\u010faka \u00fasiliu jednotlivcov, ktor\u00ed zabezpe\u010dili nov\u00e9 komponenty k vysielaniu, bude z na\u0161ej farnosti online prenos sv\u00e4tej om\u0161e u\u017e v t\u00fato nede\u013eu. Sledova\u0165 by sa malo da\u0165 o 11:00 na \u017eivo cez Facebook Fara Kostoln\u00e1, kedy je nutn\u00e9 konto na Facebooku, alebo sp\u00e4tne zo z\u00e1znamu aj bez konta.<\/strong><\/p>\n\n\n\n<p>Pripom\u00ednam, \u017ee n\u00e1\u0161 farsk\u00fd kostol v Kostolnej (predsie\u0148 kostola) je v tieto dni pre v\u00e1s nepretr\u017eite otvoren\u00fd. Sv\u00e4ty\u0148a je aj v noci osvetlen\u00e1 pre s\u00fakromn\u00fa ador\u00e1ciu. Krsty, sob\u00e1\u0161e a pohreby sa s ur\u010dit\u00fdmi obmedzeniami vysluhuj\u00fa aj teraz. K sv\u00e4tej spovedi, sv. prij\u00edmaniu, k rozhovoru, zaopatrovaniu chor\u00fdch, ma kontaktujte telefonicky (\u202a0902 359 859\u202c).<\/p>\n\n\n\n<p>Vzh\u013eadom nato, \u017ee vyu\u017eijem dobrovo\u013enos\u0165 celoplo\u0161n\u00e9ho testovania, ktor\u00e9ho sa z osobn\u00fdch d\u00f4vodov nez\u00fa\u010dastn\u00edm, budem v najbli\u017e\u0161\u00edch d\u0148och v\u00fdlu\u010dne na fare a farskom dvore. T\u00ed, ktor\u00ed m\u00e1te objednan\u00e9 \u00famysly sv\u00e4t\u00fdch om\u0161\u00ed, ma m\u00f4\u017eete kontaktova\u0165, aby ste vedeli, kedy ich budem sl\u00fa\u017ei\u0165. Av\u0161ak v\u0161etky bud\u00fa priebe\u017ene odsl\u00fa\u017een\u00e9. Otcami biskupmi je udelen\u00fd di\u0161penz od osobnej \u00fa\u010dasti na sv\u00e4tej om\u0161i a\u017e do odvolania, samozrejme v takom pr\u00edpade je potrebn\u00e9 s n\u00e1le\u017eitou \u00factou a pozornos\u0165ou sledova\u0165, alebo po\u010d\u00fava\u0165 sv\u00e4t\u00fa om\u0161u cez masovokomunika\u010dn\u00e9 prostriedky. Vyzvan\u00fd sme aj k pr\u00edsnemu piatkov\u00e9mu p\u00f4stu a\u017e do konca adventu. V tomto roku je mo\u017en\u00e9 z\u00edska\u0165 \u201edu\u0161i\u010dkov\u00e9\u201c odpustky cel\u00fd november.<\/p>\n\n\n\n<p>Op\u00e4tovne v\u00e1m d\u00e1vam do pozornosti sv\u00e4t\u00e9 om\u0161e aj cez:<\/p>\n\n\n\n<ul class=\"wp-block-list\"><li><strong>TV LUX vysiela sv\u00e4t\u00e9 om\u0161e v nedele o 10:00 a 18:30. Od pondelka do soboty o 7:00 a 18:30.<\/strong><\/li><li><strong>R\u00e1dio LUMEN: v\u017edy o 8:30 a 18:00.<\/strong><\/li><li><strong>R\u00e1dio M\u00e1ria Slovensko: v nede\u013eu o 9:00 a 16:30, pracovn\u00e9 dni: 11:00 a 18:00, sobota: 8:00 a 16:30.<\/strong><\/li><\/ul>\n\n\n\n<p>V pr\u00edpade potreby ma nev\u00e1hajte kontaktova\u0165. <br><br>S \u00factou, <br>Pavol Gajdo\u0161, v\u00e1\u0161 far\u00e1r &#8211; 0902 359859<\/p>\n\t\t\t\t","protected":false},"excerpt":{"rendered":"<p>Blahoslaven\u00ed \u010dist\u00e9ho srdca, lebo oni uvidia Boha. Ale \u010do je to to \u010dist\u00e9 srdce? Niekedy n\u00e1m vy\u010d\u00edtaj\u00fa, \u017ee sa chl\u00e1chol\u00edme len t\u00fdm, \u017ee v nebi n\u00e1m bude dobre &#8211; dos\u0165 podrobne o tom hovoria blahoslavenstv\u00e1. Ale toto nie je iba dokonal\u00fd n\u00e1vod na ve\u010dn\u00fd \u017eivot s Bohom, ve\u010f ovocie citliv\u00e9ho pr\u00edstupu, pokory, spravodlivosti, milosrdenstva, \u010dist\u00e9ho &#8230; <span class=\"more\"><a class=\"more-link\" href=\"https:\/\/www.farakostolna.sk\/?p=4998\">[\u010c\u00edta\u0165 \u010falej&#8230;]<\/a><\/span><\/p>\n","protected":false},"author":7,"featured_media":4999,"comment_status":"closed","ping_status":"closed","sticky":false,"template":"","format":"standard","meta":{"footnotes":""},"categories":[5],"tags":[],"class_list":{"0":"entry","1":"post","2":"publish","3":"author-slado89gmail-com","4":"has-excerpt","5":"has-more-link","6":"post-4998","8":"format-standard","9":"has-post-thumbnail","10":"category-aktuality"},"_links":{"self":[{"href":"https:\/\/www.farakostolna.sk\/index.php?rest_route=\/wp\/v2\/posts\/4998","targetHints":{"allow":["GET"]}}],"collection":[{"href":"https:\/\/www.farakostolna.sk\/index.php?rest_route=\/wp\/v2\/posts"}],"about":[{"href":"https:\/\/www.farakostolna.sk\/index.php?rest_route=\/wp\/v2\/types\/post"}],"author":[{"embeddable":true,"href":"https:\/\/www.farakostolna.sk\/index.php?rest_route=\/wp\/v2\/users\/7"}],"replies":[{"embeddable":true,"href":"https:\/\/www.farakostolna.sk\/index.php?rest_route=%2Fwp%2Fv2%2Fcomments&post=4998"}],"version-history":[{"count":0,"href":"https:\/\/www.farakostolna.sk\/index.php?rest_route=\/wp\/v2\/posts\/4998\/revisions"}],"wp:featuredmedia":[{"embeddable":true,"href":"https:\/\/www.farakostolna.sk\/index.php?rest_route=\/"}],"wp:attachment":[{"href":"https:\/\/www.farakostolna.sk\/index.php?rest_route=%2Fwp%2Fv2%2Fmedia&parent=4998"}],"wp:term":[{"taxonomy":"category","embeddable":true,"href":"https:\/\/www.farakostolna.sk\/index.php?rest_route=%2Fwp%2Fv2%2Fcategories&post=4998"},{"taxonomy":"post_tag","embeddable":true,"href":"https:\/\/www.farakostolna.sk\/index.php?rest_route=%2Fwp%2Fv2%2Ftags&post=4998"}],"curies":[{"name":"wp","href":"https:\/\/api.w.org\/{rel}","templated":true}]}}