{"id":4995,"date":"2020-10-29T08:18:13","date_gmt":"2020-10-29T08:18:13","guid":{"rendered":"http:\/\/kostolna.fara.sk\/?p=4995"},"modified":"2020-10-29T08:18:13","modified_gmt":"2020-10-29T08:18:13","slug":"prisny-piatkovy-post","status":"publish","type":"post","link":"https:\/\/www.farakostolna.sk\/?p=4995","title":{"rendered":"Pr\u00edsny piatkov\u00fd p\u00f4st"},"content":{"rendered":"\n\t\t\t\t\n\t\t\t\t\n<div class=\"wp-block-image\"><figure class=\"alignleft is-resized\"><img loading=\"lazy\" decoding=\"async\" src=\"http:\/\/kostolna.fara.sk\/wp-content\/uploads\/2020\/10\/WhatsApp-Image-2020-10-29-at-09.14.05.jpeg\" alt=\"\" class=\"wp-image-4996\" width=\"397\" height=\"266\"\/><\/figure><\/div>\n\n\n\n<p>D\u00e1vam do pozornosti, \u017ee od tohto piatku a\u017e do 18. decembra, teda na osem piatkov po sebe, na\u0161i otcovia biskupi vyhl\u00e1sili pr\u00edsny p\u00f4st. Veriaci medzi 18. a 60. rokom \u017eivota, ktor\u00ed s\u00fa zdrav\u00ed, nech sa postia tak, ako sa zvykneme posti\u0165 na Ve\u013ek\u00fd piatok. To znamen\u00e1, zdr\u017ea\u0165 sa m\u00e4sit\u00e9ho pokrmu, jes\u0165 len tri razy za de\u0148, z toho len raz dos\u00fdta. Sme chor\u00ed a ohrozen\u00ed nielen na tele, le\u017e aj duchovne a mor\u00e1lne.<br><\/p>\n\n\n<p><!--more--><\/p>\n\n\n<p>Medzi \u00fakony pok\u00e1nia patr\u00ed aj modlitba a almu\u017ena. Tie m\u00f4\u017eu vyu\u017ei\u0165 aj t\u00ed, pre ktor\u00fdch zdravie by bolo neprimeran\u00e9 zachov\u00e1va\u0165 pr\u00edsny p\u00f4st. V \u010dase, ke\u010f viacer\u00ed \u017eij\u00fa vo ve\u013ekej chudobe, je na\u0161a kres\u0165ansk\u00e1 povinnos\u0165, aby nezostali bez pomoci.<\/p>\n\n\n\n<p>Spr\u00e1va bola skr\u00e1ten\u00e1. <a href=\"https:\/\/www.tkkbs.sk\/view.php?cisloclanku=20201028001\">Presn\u00e9 znenie n\u00e1jdete tu.<\/a><br>S \u00factou, <br>Pavol Gajdo\u0161<\/p>\n\t\t\t\t","protected":false},"excerpt":{"rendered":"<p>D\u00e1vam do pozornosti, \u017ee od tohto piatku a\u017e do 18. decembra, teda na osem piatkov po sebe, na\u0161i otcovia biskupi vyhl\u00e1sili pr\u00edsny p\u00f4st. Veriaci medzi 18. a 60. rokom \u017eivota, ktor\u00ed s\u00fa zdrav\u00ed, nech sa postia tak, ako sa zvykneme posti\u0165 na Ve\u013ek\u00fd piatok. To znamen\u00e1, zdr\u017ea\u0165 sa m\u00e4sit\u00e9ho pokrmu, jes\u0165 len tri razy za &#8230; <span class=\"more\"><a class=\"more-link\" href=\"https:\/\/www.farakostolna.sk\/?p=4995\">[\u010c\u00edta\u0165 \u010falej&#8230;]<\/a><\/span><\/p>\n","protected":false},"author":7,"featured_media":4996,"comment_status":"closed","ping_status":"closed","sticky":false,"template":"","format":"standard","meta":{"footnotes":""},"categories":[5],"tags":[],"class_list":{"0":"entry","1":"post","2":"publish","3":"author-slado89gmail-com","4":"has-excerpt","5":"has-more-link","6":"post-4995","8":"format-standard","9":"has-post-thumbnail","10":"category-aktuality"},"_links":{"self":[{"href":"https:\/\/www.farakostolna.sk\/index.php?rest_route=\/wp\/v2\/posts\/4995","targetHints":{"allow":["GET"]}}],"collection":[{"href":"https:\/\/www.farakostolna.sk\/index.php?rest_route=\/wp\/v2\/posts"}],"about":[{"href":"https:\/\/www.farakostolna.sk\/index.php?rest_route=\/wp\/v2\/types\/post"}],"author":[{"embeddable":true,"href":"https:\/\/www.farakostolna.sk\/index.php?rest_route=\/wp\/v2\/users\/7"}],"replies":[{"embeddable":true,"href":"https:\/\/www.farakostolna.sk\/index.php?rest_route=%2Fwp%2Fv2%2Fcomments&post=4995"}],"version-history":[{"count":0,"href":"https:\/\/www.farakostolna.sk\/index.php?rest_route=\/wp\/v2\/posts\/4995\/revisions"}],"wp:featuredmedia":[{"embeddable":true,"href":"https:\/\/www.farakostolna.sk\/index.php?rest_route=\/"}],"wp:attachment":[{"href":"https:\/\/www.farakostolna.sk\/index.php?rest_route=%2Fwp%2Fv2%2Fmedia&parent=4995"}],"wp:term":[{"taxonomy":"category","embeddable":true,"href":"https:\/\/www.farakostolna.sk\/index.php?rest_route=%2Fwp%2Fv2%2Fcategories&post=4995"},{"taxonomy":"post_tag","embeddable":true,"href":"https:\/\/www.farakostolna.sk\/index.php?rest_route=%2Fwp%2Fv2%2Ftags&post=4995"}],"curies":[{"name":"wp","href":"https:\/\/api.w.org\/{rel}","templated":true}]}}