{"id":4987,"date":"2020-10-27T18:09:47","date_gmt":"2020-10-27T18:09:47","guid":{"rendered":"http:\/\/kostolna.fara.sk\/?p=4987"},"modified":"2020-10-27T18:09:47","modified_gmt":"2020-10-27T18:09:47","slug":"sviecka-za-zivot","status":"publish","type":"post","link":"https:\/\/www.farakostolna.sk\/?p=4987","title":{"rendered":"Svie\u010dka za \u017eivot"},"content":{"rendered":"\n\t\t\t\t\n\t\t\t\t\n<div class=\"wp-block-image\"><figure class=\"alignleft is-resized\"><img loading=\"lazy\" decoding=\"async\" src=\"http:\/\/kostolna.fara.sk\/wp-content\/uploads\/2020\/10\/WhatsApp-Image-2020-10-27-at-18.56.46-768x1024.jpeg\" alt=\"\" class=\"wp-image-4988\" width=\"384\" height=\"512\"\/><\/figure><\/div>\n\n\n\n<p>Na\u0161a farnos\u0165 u\u017e cel\u00e9 roky ve\u013emi jasne d\u00e1va najavo, \u017ee stoj\u00ed za KULT\u00daROU \u017dIVOTA. Spolo\u010dne sme viackr\u00e1t podporili &#8220;Pochod za \u017eivot&#8221;, organizovali &#8220;De\u0148 Rodiny&#8221;, organizovali mnoh\u00e9 stretnutia pre na\u0161ich seniorov, pri kostole postavili pam\u00e4tn\u00edk nenaroden\u00fdm de\u0165om a mnoho r\u00e1z podporili aj cez zbierky F\u00f3rum \u017eivota, ktor\u00e9 zastre\u0161uje konkr\u00e9tne projekty na podporu mlad\u00fdch mami\u010diek, ktor\u00e9 s\u00fa v ohrozen\u00ed pri donosen\u00ed nenaroden\u00e9ho die\u0165a\u0165a na tento svet.<br><\/p>\n\n\n<p><!--more--><\/p>\n\n\n<p>Napriek n\u00e1ro\u010dnej dobe V\u00e1s aj tento rok poz\u00fdvam zapoji\u0165 sa do akcie &#8220;Svie\u010dka za nenaroden\u00e9 deti&#8221;. M\u00f4\u017eeme tak urobi\u0165 odoslan\u00edm SMS s textom <strong>DMS SVIECKA na \u010d\u00edslo 877 (cena 2 \u20ac)<\/strong>, platbou cez QR k\u00f3d, virtu\u00e1lnou svie\u010dkou cez <a href=\"http:\/\/www.sviecka.forumzivota.sk\">http:\/\/www.sviecka.forumzivota.sk<\/a> , alebo zak\u00fapen\u00edm skuto\u010dnej svie\u010dky v predsieni n\u00e1\u0161ho farsk\u00e9ho kostola v Kostolnej, ktor\u00fd je v t\u00fdchto d\u0148och otvoren\u00fd nonstop. Pri poslednej mo\u017enosti vhadzujte pros\u00edm kv\u00f4li bezpe\u010dnosti peniaze do pokladni\u010dky umiestnenej nad svie\u010dkami, ktor\u00e1 je bezpe\u010dn\u00e1 vo\u010di pr\u00edpadn\u00e9mu odcudzeniu. Svie\u010dky sa priebe\u017ene bud\u00fa dop\u013a\u0148a\u0165 a\u017e do vypredania. Za mal\u00fa svie\u010dku sa d\u00e1va pr\u00edspevok 1 \u20ac, za ve\u013ek\u00fa 5 \u20ac. Peniaze n\u00e1sledne prevedieme na dan\u00fd \u00fa\u010det.<br>\u010eakujem.<br><br>Pavol Gajdo\u0161, v\u00e1\u0161 far\u00e1r<\/p>\n\n\n\n<div class=\"wp-block-image\"><figure class=\"aligncenter\"><img decoding=\"async\" src=\"http:\/\/kostolna.fara.sk\/wp-content\/uploads\/2020\/10\/WhatsApp-Image-2020-10-27-at-18.56.46-1-1024x768.jpeg\" alt=\"\" class=\"wp-image-4990\"\/><\/figure><\/div>\n\n\n\n<div class=\"wp-block-image\"><figure class=\"aligncenter\"><img decoding=\"async\" src=\"http:\/\/kostolna.fara.sk\/wp-content\/uploads\/2020\/10\/WhatsApp-Image-2020-10-27-at-18.56.46-2.jpeg\" alt=\"\" class=\"wp-image-4991\"\/><\/figure><\/div>\n\n\n\n<div class=\"wp-block-image\"><figure class=\"aligncenter\"><img decoding=\"async\" src=\"http:\/\/kostolna.fara.sk\/wp-content\/uploads\/2020\/10\/WhatsApp-Image-2020-10-27-at-18.56.46-3-1024x768.jpeg\" alt=\"\" class=\"wp-image-4992\"\/><\/figure><\/div>\n\t\t\t\t","protected":false},"excerpt":{"rendered":"<p>Na\u0161a farnos\u0165 u\u017e cel\u00e9 roky ve\u013emi jasne d\u00e1va najavo, \u017ee stoj\u00ed za KULT\u00daROU \u017dIVOTA. Spolo\u010dne sme viackr\u00e1t podporili &#8220;Pochod za \u017eivot&#8221;, organizovali &#8220;De\u0148 Rodiny&#8221;, organizovali mnoh\u00e9 stretnutia pre na\u0161ich seniorov, pri kostole postavili pam\u00e4tn\u00edk nenaroden\u00fdm de\u0165om a mnoho r\u00e1z podporili aj cez zbierky F\u00f3rum \u017eivota, ktor\u00e9 zastre\u0161uje konkr\u00e9tne projekty na podporu mlad\u00fdch mami\u010diek, ktor\u00e9 s\u00fa &#8230; <span class=\"more\"><a class=\"more-link\" href=\"https:\/\/www.farakostolna.sk\/?p=4987\">[\u010c\u00edta\u0165 \u010falej&#8230;]<\/a><\/span><\/p>\n","protected":false},"author":7,"featured_media":4988,"comment_status":"closed","ping_status":"closed","sticky":false,"template":"","format":"standard","meta":{"footnotes":""},"categories":[5],"tags":[],"class_list":{"0":"entry","1":"post","2":"publish","3":"author-slado89gmail-com","4":"has-excerpt","5":"has-more-link","6":"post-4987","8":"format-standard","9":"has-post-thumbnail","10":"category-aktuality"},"_links":{"self":[{"href":"https:\/\/www.farakostolna.sk\/index.php?rest_route=\/wp\/v2\/posts\/4987","targetHints":{"allow":["GET"]}}],"collection":[{"href":"https:\/\/www.farakostolna.sk\/index.php?rest_route=\/wp\/v2\/posts"}],"about":[{"href":"https:\/\/www.farakostolna.sk\/index.php?rest_route=\/wp\/v2\/types\/post"}],"author":[{"embeddable":true,"href":"https:\/\/www.farakostolna.sk\/index.php?rest_route=\/wp\/v2\/users\/7"}],"replies":[{"embeddable":true,"href":"https:\/\/www.farakostolna.sk\/index.php?rest_route=%2Fwp%2Fv2%2Fcomments&post=4987"}],"version-history":[{"count":0,"href":"https:\/\/www.farakostolna.sk\/index.php?rest_route=\/wp\/v2\/posts\/4987\/revisions"}],"wp:featuredmedia":[{"embeddable":true,"href":"https:\/\/www.farakostolna.sk\/index.php?rest_route=\/"}],"wp:attachment":[{"href":"https:\/\/www.farakostolna.sk\/index.php?rest_route=%2Fwp%2Fv2%2Fmedia&parent=4987"}],"wp:term":[{"taxonomy":"category","embeddable":true,"href":"https:\/\/www.farakostolna.sk\/index.php?rest_route=%2Fwp%2Fv2%2Fcategories&post=4987"},{"taxonomy":"post_tag","embeddable":true,"href":"https:\/\/www.farakostolna.sk\/index.php?rest_route=%2Fwp%2Fv2%2Ftags&post=4987"}],"curies":[{"name":"wp","href":"https:\/\/api.w.org\/{rel}","templated":true}]}}