{"id":4980,"date":"2020-10-24T09:38:18","date_gmt":"2020-10-24T09:38:18","guid":{"rendered":"http:\/\/kostolna.fara.sk\/?p=4980"},"modified":"2020-10-24T09:38:18","modified_gmt":"2020-10-24T09:38:18","slug":"naj-prikazanie","status":"publish","type":"post","link":"https:\/\/www.farakostolna.sk\/?p=4980","title":{"rendered":"Naj prik\u00e1zanie"},"content":{"rendered":"\n\t\t\t\t\n\t\t\t\t\n<div class=\"wp-block-image\"><figure class=\"alignleft is-resized\"><img loading=\"lazy\" decoding=\"async\" src=\"http:\/\/kostolna.fara.sk\/wp-content\/uploads\/2020\/10\/WhatsApp-Image-2020-10-24-at-11.18.04-1024x683.jpeg\" alt=\"\" class=\"wp-image-4981\" width=\"403\" height=\"269\"\/><\/figure><\/div>\n\n\n\n<p>Kto je najv\u00e4\u010d\u0161\u00ed Slov\u00e1k? Ktor\u00e1 \u017eena je najkraj\u0161ia? Kto je najsilnej\u0161\u00ed? Ktor\u00e9 auto je najr\u00fdchlej\u0161ie? \u2026 \u013dud\u00ed od nepam\u00e4ti zauj\u00edmalo porovn\u00e1vanie &#8211; \u201eKto alebo \u010do je NAJ?\u201c. Dne\u0161n\u00e1 ot\u00e1zka sa ale t\u00fdkala \u201enaj\u201c prik\u00e1zania. Odpove\u010f tak\u00e1 jednoduch\u00e1, ale v spleti vtedaj\u0161\u00edch mnoh\u00fdch pr\u00edkazov a z\u00e1kazov takmer hlavolam. Pre n\u00e1s \u010dasto \u201esrdcolam\u201c. Boha milova\u0165 to e\u0161te \u00e1no, ale ka\u017ed\u00e9ho bl\u00ed\u017eneho \u2013 to je v\u00fdzva.<\/p>\n\n\n<p><!--more--><\/p>\n\n\n<hr class=\"wp-block-separator\"\/>\n\n\n\n<p>Z na\u0161ej farnosti online prenos sv\u00e4tej om\u0161e teraz nebude, ale pracujeme na tom. D\u00e1vam v\u00e1m do pozornosti:<\/p>\n\n\n\n<ul class=\"wp-block-list\"><li><strong>TV LUX vysiela sv\u00e4t\u00e9 om\u0161e v nedele o 10:00 a 18:30. Od pondelka do soboty o 7:00 a 18:30. <\/strong><\/li><li><strong>R\u00e1dio LUMEN: v\u017edy o 8:30 a 18:00. <\/strong><\/li><li><strong>R\u00e1dio M\u00e1ria Slovensko: v nede\u013eu o 9:00 a 16:30, pracovn\u00e9 dni: 11:00 a 18:00, sobota: 8:00 a 16:30.<\/strong> <\/li><\/ul>\n\n\n\n<p>Farsk\u00fd kostol v Kostolnej (predsie\u0148 kostola) bude v tieto dni pre v\u00e1s otvoren\u00fd nonstop, teda aj v noci, kedy s\u00fa povolen\u00e9 vych\u00e1dzky mimo domu. Sv\u00e4ty\u0148a bude v noci osvetlen\u00e1 pre s\u00fakromn\u00fa ador\u00e1ciu. Krsty, sob\u00e1\u0161e a pohreby sa s ur\u010dit\u00fdmi obmedzeniami vysluhuj\u00fa aj teraz. K sv\u00e4tej spovedi, sv. prij\u00edmaniu, k rozhovoru, zaopatrovaniu chor\u00fdch, ma kontaktujte telefonicky (0902 359 859). V tomto roku je mo\u017en\u00e9 z\u00edska\u0165 &#8220;du\u0161i\u010dkov\u00e9&#8221; odpustky cel\u00fd november (<a href=\"https:\/\/www.tkkbs.sk\/view.php?cisloclanku=20201023033\">viac inform\u00e1ci\u00ed tu<\/a>).<\/p>\n\n\n\n<p>D\u00e1vam do pozornosti nede\u013en\u00e9 sv. om\u0161e na\u017eivo aj v <strong>ma\u010farskom jazyku:<\/strong><\/p>\n\n\n\n<ul class=\"wp-block-list\"><li>8:05 R\u00e1dio P\u00e1tria \/\/ vas\u00e1rnapi magyar szentmise \u00e9l\u0151 ad\u00e1sban a P\u00e1tria R\u00e1di\u00f3ban reggel 8:05-kor (az interneten is hallgathat\u00f3: <a href=\"https:\/\/patria.rtvs.sk\/player\">https:\/\/patria.rtvs.sk\/player<\/a>)<\/li><li>on-line vysielan\u00e9 sv.om\u0161e, viac kr\u00e1t denne \/\/ naponta t\u00f6bb alkalommal on-line misek\u00f6zvet\u00edt\u00e9sek magyarul: <a href=\"https:\/\/mise.hu\/\">https:\/\/mise.hu\/<\/a><\/li><li>ma\u010farsk\u00e1 sv.om\u0161a na na TV Lux \/\/ magyar szentmise a Lux TV-ben: okt\u00f3ber 31., 16:00<\/li><li>modlitba sv\u00e4t\u00e9ho ru\u017eenca \/\/ naponta r\u00f3zsaf\u00fcz\u00e9r-im\u00e1dkoz\u00e1s: <a href=\"https:\/\/www.katolikusradio.hu\/musoraink\/adas\/534040\">https:\/\/www.katolikusradio.hu\/musoraink\/adas\/534040<\/a><\/li><li>Evanjelium na ka\u017ed\u00fd de\u0148 \/\/ napi evang\u00e9lium: <a href=\"https:\/\/evangelium.katolikus.hu\/\">https:\/\/evangelium.katolikus.hu\/<\/a><\/li><li>o duchovnom sv\u00e4tom prij\u00edman\u00ed \/\/ a lelki \u00e1ldoz\u00e1sr\u00f3l: <a href=\"https:\/\/pozsonyikatolikusok.sk\/index.php\/1111-a-lelki-aldozasrol-imak\">https:\/\/pozsonyikatolikusok.sk\/index.php\/1111-a-lelki-aldozasrol-imak<\/a><\/li><li>sv.om\u0161e v ma\u010far\u010dine cez R\u00e1dio M\u00e1ria denne \/\/ magyar szentmis\u00e9k a M\u00e1ria R\u00e1di\u00f3ban naponta: <a href=\"https:\/\/www.mariaradio.hu\/musor\/178\/Szentmise\">https:\/\/www.mariaradio.hu\/musor\/178\/Szentmise<\/a><\/li><\/ul>\n\n\n\n<hr class=\"wp-block-separator\"\/>\n\n\n\n<p><strong>Pokra\u010dovanie zamyslenia k tejto nedeli<\/strong><\/p>\n\n\n\n<p>Mo\u017eno sa aj vy niekedy nachyt\u00e1te pri tom, ako chcete ma\u0165 v\u0161etko \u201enaj\u201c. V r\u00f4znych oblastiach sa t\u00fdm dokonca zaoberaj\u00fa r\u00f4zne \u010dasopisy, webstr\u00e1nky, \u0161pecializovan\u00e9 redakcie \u2013 pom\u00e1haj\u00fa n\u00e1m n\u00e1js\u0165 pre n\u00e1s to \u201enaj\u201c, a tak n\u00e1m u\u0161etri\u0165 \u010das \u2013 ve\u010f \u201e\u010das s\u00fa peniaze\u201c. Je to \u00faplne norm\u00e1lne a spr\u00e1vne. Dnes n\u00e1m v\u0161ak Sv\u00e4t\u00e9 P\u00edsmo pon\u00faka \u0161peci\u00e1lnu anketu s ot\u00e1zkou: \u201eU\u010dite\u013e, ktor\u00e9 prik\u00e1zanie v&nbsp;Z\u00e1kone je najv\u00e4\u010d\u0161ie?\u201c V odpovedi je v podstate zhrnut\u00e1 cel\u00e1 Biblia. V danom k\u00fasku textu je viacero zauj\u00edmavost\u00ed. <\/p>\n\n\n\n<p>Farizeji sa p\u00fdtali, aby Je\u017ei\u0161a pok\u00fa\u0161ali. Je\u017ei\u0161 t\u00fato situ\u00e1ciu v\u0161ak pou\u017eil tak, \u017ee u in\u00e9ho evanjelistu mu vyslovuj\u00fa s\u00fahlas a uznanie. Toto je aj v\u00fdzva pre n\u00e1s, aby sme sa sna\u017eili aj \u0165a\u017ek\u00e9 situ\u00e1cie, ktor\u00e9 s\u00fa priam provok\u00e1ciou, pou\u017ei\u0165 tak, aby sme \u013eud\u00ed s l\u00e1skou oslovili, a t\u00fdm im mohli ohlasova\u0165 radostn\u00fa zves\u0165.<\/p>\n\n\n\n<p>V\u0161imnime si aj jasn\u00fd d\u00f4raz. Je\u017ei\u0161 hovor\u00ed o l\u00e1ske k Bohu srdcom, du\u0161ou a mys\u013eou. Pou\u017eil v\u0161ak trikr\u00e1t to ist\u00e9 slovn\u00e9 spojenie na zd\u00f4raznenie nie\u010doho, \u010do je absol\u00fatne podstatn\u00e9 \u2013 \u201ecel\u00fdm svoj\u00edm srdcom, celou svojou du\u0161ou a&nbsp;celou svojou mys\u013eou\u201c. Teda Boh chce \u00faplne cel\u00e9ho \u201esvojho\u201c \u010dloveka. Teda nie desatinu (z pr\u00edjmu), sedminu (nede\u013eu z cel\u00e9ho t\u00fd\u017ed\u0148a), \u010di polovi\u010dku (iba s\u00fakromie). Chce n\u00e1s cel\u00fdch, aby n\u00e1m cel\u00fdm mohol by\u0165 k dispoz\u00edcii. No, ale ako to uskuto\u010dni\u0165? Odpove\u010f zaznela pred evanjeliom: \u201eKto ma miluje, bude zachov\u00e1va\u0165 moje slovo, hovor\u00ed P\u00e1n.\u201c Teda Bo\u017eie usmernenia uplat\u0148ova\u0165 v ka\u017edej oblasti n\u00e1\u0161ho \u017eivota \u2013 aj toho skryt\u00e9ho, \u00e1no aj v tej oblasti, ktor\u00fa nik nevid\u00ed, mo\u017eno ani na\u0161i najbli\u017e\u0161\u00ed. Boh \u010dak\u00e1, \u017ee mu to odovzd\u00e1me, aby to mohol prija\u0165, o\u010disti\u0165 a uzdravi\u0165.<\/p>\n\n\n\n<p>Podobn\u00fd pl\u00e1n m\u00e1 aj pre na\u0161e vz\u0165ahy. To je t\u00e1 prav\u00e1 oblas\u0165, kde by sme mali chcie\u0165 to naj. \u0164a\u017eko m\u00f4\u017eeme Bohu vyzn\u00e1va\u0165, \u017ee je n\u00e1\u0161 P\u00e1n, Jemu sa kla\u0148a\u0165, \u010di prin\u00e1\u0161a\u0165 obety, ak sa hnev\u00e1me na svojich bl\u00edzkych. Cho\u010fte teda a sk\u00f4r, ako chcete prinies\u0165 obetu Bohu, urobte t\u00fa naj\u0165a\u017eiu obetu \u2013 obetu srdca. Zmierte sa so svojimi bl\u00edzkymi, aby ste mohli prist\u00fapi\u0165 aj k Bohu bli\u017e\u0161ie. On v\u0161ak vie, \u017ee to sami asi nezvl\u00e1dneme, preto zakri\u010dme na Neho slovami dne\u0161n\u00e9ho \u017ealmu: \u201eMilujem \u0165a, Pane, moja sila; Pane, opora moja, \u00fato\u010di\u0161te moje, oslobodite\u013e m\u00f4j. Bo\u017ee m\u00f4j, moja pomoc, tebe d\u00f4verujem.<\/p>\n\n\n\n<p>S \u00factou, Pavol Gajdo\u0161, v\u00e1\u0161 far\u00e1r<\/p>\n\t\t\t\t","protected":false},"excerpt":{"rendered":"<p>Kto je najv\u00e4\u010d\u0161\u00ed Slov\u00e1k? Ktor\u00e1 \u017eena je najkraj\u0161ia? Kto je najsilnej\u0161\u00ed? Ktor\u00e9 auto je najr\u00fdchlej\u0161ie? \u2026 \u013dud\u00ed od nepam\u00e4ti zauj\u00edmalo porovn\u00e1vanie &#8211; \u201eKto alebo \u010do je NAJ?\u201c. Dne\u0161n\u00e1 ot\u00e1zka sa ale t\u00fdkala \u201enaj\u201c prik\u00e1zania. Odpove\u010f tak\u00e1 jednoduch\u00e1, ale v spleti vtedaj\u0161\u00edch mnoh\u00fdch pr\u00edkazov a z\u00e1kazov takmer hlavolam. Pre n\u00e1s \u010dasto \u201esrdcolam\u201c. Boha milova\u0165 to e\u0161te &#8230; <span class=\"more\"><a class=\"more-link\" href=\"https:\/\/www.farakostolna.sk\/?p=4980\">[\u010c\u00edta\u0165 \u010falej&#8230;]<\/a><\/span><\/p>\n","protected":false},"author":7,"featured_media":4981,"comment_status":"closed","ping_status":"closed","sticky":false,"template":"","format":"standard","meta":{"footnotes":""},"categories":[6],"tags":[],"class_list":{"0":"entry","1":"post","2":"publish","3":"author-slado89gmail-com","4":"has-excerpt","5":"has-more-link","6":"post-4980","8":"format-standard","9":"has-post-thumbnail","10":"category-aktuality-sk"},"_links":{"self":[{"href":"https:\/\/www.farakostolna.sk\/index.php?rest_route=\/wp\/v2\/posts\/4980","targetHints":{"allow":["GET"]}}],"collection":[{"href":"https:\/\/www.farakostolna.sk\/index.php?rest_route=\/wp\/v2\/posts"}],"about":[{"href":"https:\/\/www.farakostolna.sk\/index.php?rest_route=\/wp\/v2\/types\/post"}],"author":[{"embeddable":true,"href":"https:\/\/www.farakostolna.sk\/index.php?rest_route=\/wp\/v2\/users\/7"}],"replies":[{"embeddable":true,"href":"https:\/\/www.farakostolna.sk\/index.php?rest_route=%2Fwp%2Fv2%2Fcomments&post=4980"}],"version-history":[{"count":0,"href":"https:\/\/www.farakostolna.sk\/index.php?rest_route=\/wp\/v2\/posts\/4980\/revisions"}],"wp:featuredmedia":[{"embeddable":true,"href":"https:\/\/www.farakostolna.sk\/index.php?rest_route=\/"}],"wp:attachment":[{"href":"https:\/\/www.farakostolna.sk\/index.php?rest_route=%2Fwp%2Fv2%2Fmedia&parent=4980"}],"wp:term":[{"taxonomy":"category","embeddable":true,"href":"https:\/\/www.farakostolna.sk\/index.php?rest_route=%2Fwp%2Fv2%2Fcategories&post=4980"},{"taxonomy":"post_tag","embeddable":true,"href":"https:\/\/www.farakostolna.sk\/index.php?rest_route=%2Fwp%2Fv2%2Ftags&post=4980"}],"curies":[{"name":"wp","href":"https:\/\/api.w.org\/{rel}","templated":true}]}}