{"id":4962,"date":"2020-10-17T12:39:08","date_gmt":"2020-10-17T12:39:08","guid":{"rendered":"http:\/\/kostolna.fara.sk\/?p=4962"},"modified":"2020-10-17T12:39:08","modified_gmt":"2020-10-17T12:39:08","slug":"oznam-k-svatym-omsiam-18-10-2020","status":"publish","type":"post","link":"https:\/\/www.farakostolna.sk\/?p=4962","title":{"rendered":"Oznam k sv\u00e4t\u00fdm om\u0161iam 18.10.2020"},"content":{"rendered":"\n\t\t\t\t\n\t\t\t\t\n<div class=\"wp-block-image\"><figure class=\"alignleft is-resized\"><img loading=\"lazy\" decoding=\"async\" src=\"http:\/\/kostolna.fara.sk\/wp-content\/uploads\/2020\/10\/WhatsApp-Image-2020-10-17-at-14.28.59-1024x682.jpeg\" alt=\"\" class=\"wp-image-4963\" width=\"420\" height=\"281\"\/><\/figure><\/div>\n\n\n\n<p>Pozn\u00e1me to pomaly u\u017e ako \u013eudov\u00fa m\u00fadros\u0165: &#8220;\u010co je cis\u00e1rovo, cis\u00e1rovi a \u010do je Bo\u017eie, Bohu&#8221;. Probl\u00e9m v\u0161ak je v tom, \u017ee akosi n\u00e1m nie je celkom jasn\u00e9, \u010do je to &#8220;Bo\u017eie&#8221;. \u010casto si to dokonca zamie\u0148ame a svetsk\u00e9 veci povy\u0161ujeme na Bo\u017eie a naopak. Aby sme to neplietli, mus\u00edme da\u0165 Boha naozaj na prv\u00e9 miesto. Nie zajtra, ale hne\u010f. Nie iba v nie\u010dom, ale vo v\u0161etkom. Nie iba v nede\u013eu a v kostole, ale v\u017edy a v\u0161ade.<\/p>\n\n\n<p><!--more--><\/p>\n\n\n<p>Sv\u00e4t\u00e1 om\u0161a bude z na\u0161ej farnosti v nede\u013eu ONLINE o 11:00, <a href=\"https:\/\/www.facebook.com\/fara.kostolna\/videos\/804410393652061\/\">link n\u00e1jdete tu<\/a>.<br><br>Sv\u00e4t\u00e9 prij\u00edmanie bude potom poobede v Kostolnej od 14:00 do 16:00.<br>Po\u010das v\u0161edn\u00fdch dn\u00ed v\u017edy od 17:00 do 18:00. Viac inform\u00e1ci\u00ed sa <a href=\"https:\/\/drive.google.com\/file\/d\/10F8h3mSTkT3UEg0foClhwNJAEZlYxwPk\/view\">dozviete tu<\/a>.<br><\/p>\n\n\n\n<p>\u017dehn\u00e1m v\u00e1m +, <br>Pavol Gajdo\u0161, v\u00e1\u0161 far\u00e1r<\/p>\n\t\t\t\t","protected":false},"excerpt":{"rendered":"<p>Pozn\u00e1me to pomaly u\u017e ako \u013eudov\u00fa m\u00fadros\u0165: &#8220;\u010co je cis\u00e1rovo, cis\u00e1rovi a \u010do je Bo\u017eie, Bohu&#8221;. Probl\u00e9m v\u0161ak je v tom, \u017ee akosi n\u00e1m nie je celkom jasn\u00e9, \u010do je to &#8220;Bo\u017eie&#8221;. \u010casto si to dokonca zamie\u0148ame a svetsk\u00e9 veci povy\u0161ujeme na Bo\u017eie a naopak. Aby sme to neplietli, mus\u00edme da\u0165 Boha naozaj na prv\u00e9 &#8230; <span class=\"more\"><a class=\"more-link\" href=\"https:\/\/www.farakostolna.sk\/?p=4962\">[\u010c\u00edta\u0165 \u010falej&#8230;]<\/a><\/span><\/p>\n","protected":false},"author":7,"featured_media":4963,"comment_status":"closed","ping_status":"closed","sticky":false,"template":"","format":"standard","meta":{"footnotes":""},"categories":[17],"tags":[],"class_list":{"0":"entry","1":"post","2":"publish","3":"author-slado89gmail-com","4":"has-excerpt","5":"has-more-link","6":"post-4962","8":"format-standard","9":"has-post-thumbnail","10":"category-sv-omsa"},"_links":{"self":[{"href":"https:\/\/www.farakostolna.sk\/index.php?rest_route=\/wp\/v2\/posts\/4962","targetHints":{"allow":["GET"]}}],"collection":[{"href":"https:\/\/www.farakostolna.sk\/index.php?rest_route=\/wp\/v2\/posts"}],"about":[{"href":"https:\/\/www.farakostolna.sk\/index.php?rest_route=\/wp\/v2\/types\/post"}],"author":[{"embeddable":true,"href":"https:\/\/www.farakostolna.sk\/index.php?rest_route=\/wp\/v2\/users\/7"}],"replies":[{"embeddable":true,"href":"https:\/\/www.farakostolna.sk\/index.php?rest_route=%2Fwp%2Fv2%2Fcomments&post=4962"}],"version-history":[{"count":0,"href":"https:\/\/www.farakostolna.sk\/index.php?rest_route=\/wp\/v2\/posts\/4962\/revisions"}],"wp:featuredmedia":[{"embeddable":true,"href":"https:\/\/www.farakostolna.sk\/index.php?rest_route=\/"}],"wp:attachment":[{"href":"https:\/\/www.farakostolna.sk\/index.php?rest_route=%2Fwp%2Fv2%2Fmedia&parent=4962"}],"wp:term":[{"taxonomy":"category","embeddable":true,"href":"https:\/\/www.farakostolna.sk\/index.php?rest_route=%2Fwp%2Fv2%2Fcategories&post=4962"},{"taxonomy":"post_tag","embeddable":true,"href":"https:\/\/www.farakostolna.sk\/index.php?rest_route=%2Fwp%2Fv2%2Ftags&post=4962"}],"curies":[{"name":"wp","href":"https:\/\/api.w.org\/{rel}","templated":true}]}}