{"id":4956,"date":"2020-10-15T06:45:43","date_gmt":"2020-10-15T06:45:43","guid":{"rendered":"http:\/\/kostolna.fara.sk\/?p=4956"},"modified":"2020-10-15T06:45:43","modified_gmt":"2020-10-15T06:45:43","slug":"bez-nadpisu","status":"publish","type":"post","link":"https:\/\/www.farakostolna.sk\/?p=4956","title":{"rendered":"Bez nadpisu&#8230;"},"content":{"rendered":"\n\t\t\t\t\n\t\t\t\t\n<div class=\"wp-block-image\"><figure class=\"alignleft is-resized\"><img loading=\"lazy\" decoding=\"async\" src=\"http:\/\/kostolna.fara.sk\/wp-content\/uploads\/2020\/10\/firedog_bag_for_documents_inside.jpg\" alt=\"\" class=\"wp-image-4957\" width=\"369\" height=\"322\"\/><\/figure><\/div>\n\n\n\n<p>Ako sledujem, na\u0161i otcovia biskupi sa cel\u00e9 dni a&nbsp;t\u00fd\u017edne do\u017eaduj\u00fa vecn\u00e9ho, korektn\u00e9ho a&nbsp;slu\u0161n\u00e9ho dial\u00f3gu so s\u00fa\u010dasn\u00fdm veden\u00edm krajiny. Aj v\u010dera, preto a\u017e do tretej hodiny poobede \u010dakali, ak\u00e9 maj\u00fa da\u0165 kone\u010dn\u00e9 in\u0161trukcie n\u00e1m k\u0148azom, aby sme ich vedeli odovzda\u0165 veriacim pri ve\u010dern\u00fdch sv\u00e4t\u00fdch om\u0161iach do nasleduj\u00facich dn\u00ed. Av\u0161ak n\u00e1sledne v neskor\u00fdch ve\u010dern\u00fdch hodin\u00e1ch vydal \u00darad verejn\u00e9ho zdravotn\u00edctva nov\u00fd oznam, \u017ee sa predo\u0161l\u00fd z\u00e1kaz hromadn\u00fdch podujat\u00ed napokon nebude realizova\u0165 \u00faplne, ale bude mo\u017en\u00e9 ich kona\u0165 so z\u00e1sadn\u00fdm obmedzen\u00edm, teda maxim\u00e1lne do 6 os\u00f4b. Znamen\u00e1 to, \u017ee sl\u00e1venie verejn\u00fdch bohoslu\u017eieb zost\u00e1va mo\u017en\u00e9, av\u0161ak s limitom 6 os\u00f4b, vr\u00e1tane k\u0148aza.<\/p>\n\n\n<p><!--more--><\/p>\n\n\n<p>&#8220;Hoci to nie je ve\u013ek\u00e1 zmena, bude predsa uskuto\u010dnite\u013en\u00e9, aby na sv\u00e4t\u00fa om\u0161u pri\u0161la napr\u00edklad aspo\u0148 rodina, na ktorej \u00famysel je dan\u00e1 bohoslu\u017eba sl\u00e1ven\u00e1,&#8221; povedal pre TK KBS Martin Kramara.<\/p>\n\n\n\n<p>Viacer\u00ed si kladieme ot\u00e1zku: \u201ePre\u010do kostoly nemaj\u00fa aspo\u0148 rovnak\u00e9 \u201emetre \u0161tvorcov\u00e9\u201c ako obchody?!<\/p>\n\n\n\n<p>Prep\u00e1\u010dte mi, priatelia, ale vid\u00edm v&nbsp;tom u\u017e nieko\u013ekokr\u00e1t sa opakuj\u00faci scen\u00e1r. Najprv v\u00e1m ktosi na ulici vychmatne z&nbsp;ruky osobn\u00fa ta\u0161ku so v\u0161etk\u00fdm a&nbsp;potom, po chv\u00edli behu, ke\u010f v\u00e1m stihol zobra\u0165 \u010do chcel, odhod\u00ed ju do kr\u00edkov, a vy sa te\u0161\u00edte, \u017ee v\u00e1m ostali aspo\u0148 doklady. &nbsp;<\/p>\n\n\n\n<p>Pavol Gajdo\u0161<\/p>\n\t\t\t\t","protected":false},"excerpt":{"rendered":"<p>Ako sledujem, na\u0161i otcovia biskupi sa cel\u00e9 dni a&nbsp;t\u00fd\u017edne do\u017eaduj\u00fa vecn\u00e9ho, korektn\u00e9ho a&nbsp;slu\u0161n\u00e9ho dial\u00f3gu so s\u00fa\u010dasn\u00fdm veden\u00edm krajiny. Aj v\u010dera, preto a\u017e do tretej hodiny poobede \u010dakali, ak\u00e9 maj\u00fa da\u0165 kone\u010dn\u00e9 in\u0161trukcie n\u00e1m k\u0148azom, aby sme ich vedeli odovzda\u0165 veriacim pri ve\u010dern\u00fdch sv\u00e4t\u00fdch om\u0161iach do nasleduj\u00facich dn\u00ed. Av\u0161ak n\u00e1sledne v neskor\u00fdch ve\u010dern\u00fdch hodin\u00e1ch vydal \u00darad &#8230; <span class=\"more\"><a class=\"more-link\" href=\"https:\/\/www.farakostolna.sk\/?p=4956\">[\u010c\u00edta\u0165 \u010falej&#8230;]<\/a><\/span><\/p>\n","protected":false},"author":7,"featured_media":4957,"comment_status":"closed","ping_status":"closed","sticky":false,"template":"","format":"standard","meta":{"footnotes":""},"categories":[5],"tags":[],"class_list":{"0":"entry","1":"post","2":"publish","3":"author-slado89gmail-com","4":"has-excerpt","5":"has-more-link","6":"post-4956","8":"format-standard","9":"has-post-thumbnail","10":"category-aktuality"},"_links":{"self":[{"href":"https:\/\/www.farakostolna.sk\/index.php?rest_route=\/wp\/v2\/posts\/4956","targetHints":{"allow":["GET"]}}],"collection":[{"href":"https:\/\/www.farakostolna.sk\/index.php?rest_route=\/wp\/v2\/posts"}],"about":[{"href":"https:\/\/www.farakostolna.sk\/index.php?rest_route=\/wp\/v2\/types\/post"}],"author":[{"embeddable":true,"href":"https:\/\/www.farakostolna.sk\/index.php?rest_route=\/wp\/v2\/users\/7"}],"replies":[{"embeddable":true,"href":"https:\/\/www.farakostolna.sk\/index.php?rest_route=%2Fwp%2Fv2%2Fcomments&post=4956"}],"version-history":[{"count":0,"href":"https:\/\/www.farakostolna.sk\/index.php?rest_route=\/wp\/v2\/posts\/4956\/revisions"}],"wp:featuredmedia":[{"embeddable":true,"href":"https:\/\/www.farakostolna.sk\/index.php?rest_route=\/"}],"wp:attachment":[{"href":"https:\/\/www.farakostolna.sk\/index.php?rest_route=%2Fwp%2Fv2%2Fmedia&parent=4956"}],"wp:term":[{"taxonomy":"category","embeddable":true,"href":"https:\/\/www.farakostolna.sk\/index.php?rest_route=%2Fwp%2Fv2%2Fcategories&post=4956"},{"taxonomy":"post_tag","embeddable":true,"href":"https:\/\/www.farakostolna.sk\/index.php?rest_route=%2Fwp%2Fv2%2Ftags&post=4956"}],"curies":[{"name":"wp","href":"https:\/\/api.w.org\/{rel}","templated":true}]}}