{"id":4953,"date":"2020-10-14T18:57:03","date_gmt":"2020-10-14T18:57:03","guid":{"rendered":"http:\/\/kostolna.fara.sk\/?p=4953"},"modified":"2020-10-14T18:57:03","modified_gmt":"2020-10-14T18:57:03","slug":"kostol-ostane-otvoreny","status":"publish","type":"post","link":"https:\/\/www.farakostolna.sk\/?p=4953","title":{"rendered":"Kostol ostane otvoren\u00fd!"},"content":{"rendered":"\n\t\t\t\t\n\t\t\t\t\n<div class=\"wp-block-image\"><figure class=\"alignleft is-resized\"><img loading=\"lazy\" decoding=\"async\" src=\"http:\/\/kostolna.fara.sk\/wp-content\/uploads\/2020\/10\/WhatsApp-Image-2020-10-14-at-19.51.32-1024x768.jpeg\" alt=\"\" class=\"wp-image-4954\" width=\"430\" height=\"323\"\/><\/figure><\/div>\n\n\n\n<p>Mil\u00ed priatelia, napriek opakovanej snahe plo\u0161n\u00e9ho &#8220;vyp\u00ednania&#8221; n\u00e1bo\u017eensk\u00e9ho \u017eivota, ktor\u00e1 v sebe nesie riziko zabudnutia na d\u00f4stojnos\u0165 \u013eudskej osoby, ktor\u00e1 m\u00e1 nielen telesn\u00e9, ale aj duchovn\u00e9 potreby, v\u00e1s chcem ako V\u00e1\u0161 far\u00e1r ubezpe\u010di\u0165, \u017ee n\u00e1\u0161 starobyl\u00fd Bo\u017e\u00ed chr\u00e1m v Kostolnej pri Dunaji ostane pre v\u00e1s ka\u017ed\u00fd de\u0148 otvoren\u00fd.<\/p>\n\n\n<p><!--more--><\/p>\n\n\n<p>Tak ako tomu bolo i doteraz, predsie\u0148 farsk\u00e9ho kostola bude otvoren\u00e1 denne od 8:00 do 20:00. Cel\u00fd kostol bude vo v\u0161edn\u00e9 dni (po-so) otvoren\u00fd k osobnej ador\u00e1cii najmenej od 17:00 do 18:00, kedy budem k dispoz\u00edcii k individu\u00e1lnemu vysluhovaniu sv\u00e4t\u00e9ho prij\u00edmania, resp. k sviatosti zmierenia. V nede\u013eu budeme vysiela\u0165 sv\u00e4t\u00fa om\u0161u online o 11:00. Poobede v nede\u013eu budem potom od 14:00 do 16:00 vysluhova\u0165 sv\u00e4t\u00e9 prij\u00edmanie a takisto bude mo\u017enos\u0165 prist\u00fapi\u0165 k sv\u00e4tej spovedi. Priebe\u017ene sledujte na\u0161e aktualizovan\u00e9 farsk\u00e9 oznamy. T\u00ed, ktor\u00ed m\u00e1te zajednan\u00e9 \u00famysly sv\u00e4t\u00fdch om\u0161\u00ed, m\u00f4\u017eete ma kontaktova\u0165, aby ste vedeli, kedy ich budem sl\u00fa\u017ei\u0165. Av\u0161ak v\u0161etky bud\u00fa priebe\u017ene odsl\u00fa\u017een\u00e9. <\/p>\n\n\n\n<p>Mil\u00ed moji, nedajme sa znechuti\u0165. Dovol\u00edm si zacitova\u0165 z listu na\u0161ich otcov biskupov, ktor\u00fd n\u00e1m k\u0148azom teraz poslali: \u201eJe zrejm\u00e9, \u017ee vo viacer\u00fdch oblastiach utrp\u00edme straty. Ale sme presved\u010den\u00ed, \u017ee milosrdn\u00fd a \u0161tedr\u00fd P\u00e1n n\u00e1m to inde vynahrad\u00ed. Ak sa jedny dvere zatvoria, P\u00e1n v\u017edy otvor\u00ed nejak\u00e9 in\u00e9. Pam\u00e4tajte na to, pros\u00edme, a v tomto duchu h\u013eadajte aj sp\u00f4soby ako nestrati\u0165 horlivos\u0165 a l\u00e1sku k veriacim, ktor\u00ed s\u00fa zveren\u00ed do na\u0161ej starostlivosti, aj ke\u010f teraz im m\u00f4\u017eeme sl\u00fa\u017ei\u0165 len na individu\u00e1lnej b\u00e1ze.\u201c<\/p>\n\n\n\n<p>V pr\u00edpade potreby v\u00e1m pon\u00fakam aj telefonicky kontakt: <strong>\u202a0902 359\u202c 859<\/strong>. Som tu pre v\u00e1s.<\/p>\n\n\n\n<p>S \u00factou, <br>Pavol Gajdo\u0161, v\u00e1\u0161 far\u00e1r<\/p>\n\t\t\t\t","protected":false},"excerpt":{"rendered":"<p>Mil\u00ed priatelia, napriek opakovanej snahe plo\u0161n\u00e9ho &#8220;vyp\u00ednania&#8221; n\u00e1bo\u017eensk\u00e9ho \u017eivota, ktor\u00e1 v sebe nesie riziko zabudnutia na d\u00f4stojnos\u0165 \u013eudskej osoby, ktor\u00e1 m\u00e1 nielen telesn\u00e9, ale aj duchovn\u00e9 potreby, v\u00e1s chcem ako V\u00e1\u0161 far\u00e1r ubezpe\u010di\u0165, \u017ee n\u00e1\u0161 starobyl\u00fd Bo\u017e\u00ed chr\u00e1m v Kostolnej pri Dunaji ostane pre v\u00e1s ka\u017ed\u00fd de\u0148 otvoren\u00fd.<\/p>\n","protected":false},"author":7,"featured_media":4954,"comment_status":"closed","ping_status":"closed","sticky":false,"template":"","format":"standard","meta":{"footnotes":""},"categories":[5],"tags":[],"class_list":{"0":"entry","1":"post","2":"publish","3":"author-slado89gmail-com","4":"has-excerpt","5":"has-more-link","6":"post-4953","8":"format-standard","9":"has-post-thumbnail","10":"category-aktuality"},"_links":{"self":[{"href":"https:\/\/www.farakostolna.sk\/index.php?rest_route=\/wp\/v2\/posts\/4953","targetHints":{"allow":["GET"]}}],"collection":[{"href":"https:\/\/www.farakostolna.sk\/index.php?rest_route=\/wp\/v2\/posts"}],"about":[{"href":"https:\/\/www.farakostolna.sk\/index.php?rest_route=\/wp\/v2\/types\/post"}],"author":[{"embeddable":true,"href":"https:\/\/www.farakostolna.sk\/index.php?rest_route=\/wp\/v2\/users\/7"}],"replies":[{"embeddable":true,"href":"https:\/\/www.farakostolna.sk\/index.php?rest_route=%2Fwp%2Fv2%2Fcomments&post=4953"}],"version-history":[{"count":0,"href":"https:\/\/www.farakostolna.sk\/index.php?rest_route=\/wp\/v2\/posts\/4953\/revisions"}],"wp:featuredmedia":[{"embeddable":true,"href":"https:\/\/www.farakostolna.sk\/index.php?rest_route=\/"}],"wp:attachment":[{"href":"https:\/\/www.farakostolna.sk\/index.php?rest_route=%2Fwp%2Fv2%2Fmedia&parent=4953"}],"wp:term":[{"taxonomy":"category","embeddable":true,"href":"https:\/\/www.farakostolna.sk\/index.php?rest_route=%2Fwp%2Fv2%2Fcategories&post=4953"},{"taxonomy":"post_tag","embeddable":true,"href":"https:\/\/www.farakostolna.sk\/index.php?rest_route=%2Fwp%2Fv2%2Ftags&post=4953"}],"curies":[{"name":"wp","href":"https:\/\/api.w.org\/{rel}","templated":true}]}}