{"id":4950,"date":"2020-10-14T14:31:15","date_gmt":"2020-10-14T14:31:15","guid":{"rendered":"http:\/\/kostolna.fara.sk\/?p=4950"},"modified":"2020-10-14T14:31:15","modified_gmt":"2020-10-14T14:31:15","slug":"slovensko-ako-prva-krajina-ukazuje-prakticky-materializmus","status":"publish","type":"post","link":"https:\/\/www.farakostolna.sk\/?p=4950","title":{"rendered":"Slovensko &#8211; ako prv\u00e1 krajina ukazuje praktick\u00fd materializmus"},"content":{"rendered":"\n\t\t\t\t\n\t\t\t\t\n<div class=\"wp-block-image\"><figure class=\"alignleft is-resized\"><img loading=\"lazy\" decoding=\"async\" src=\"http:\/\/kostolna.fara.sk\/wp-content\/uploads\/2020\/10\/Picture_4_400x400.png\" alt=\"\" class=\"wp-image-4951\" width=\"165\" height=\"165\"\/><\/figure><\/div>\n\n\n\n<p>&#8220;Slovensk\u00ed biskupi urobili v\u0161etko, \u010do bolo v ich sil\u00e1ch, aby zostala zachovan\u00e1 aspo\u0148 z\u00e1kladn\u00e1, minim\u00e1lna mo\u017enos\u0165 verejn\u00fdch sl\u00e1ven\u00ed bohoslu\u017eieb. Boli ochotn\u00ed prija\u0165 spr\u00edsnen\u00e9 obmedzenia alebo podmienky. Komunikovali s odborn\u00edkmi zo \u0161t\u00e1bov, s predstavite\u013emi \u0161t\u00e1tu, s premi\u00e9rom a nap\u00edsali listy aj v\u0161etk\u00fdm ministrom vl\u00e1dy SR &#8211; so \u017eiados\u0165ou o prehodnotenie v\u0161eobecn\u00e9ho, plo\u0161n\u00e9ho z\u00e1kazu verejn\u00e9ho sl\u00e1venia. Napriek ich \u00fasiliu bude od 15. 10. 2020 tak\u00fdto z\u00e1kaz plati\u0165. Slovensko sa tak pod\u013ea v\u0161etk\u00e9ho stane prvou a zatia\u013e jedinou krajinou Eur\u00f3py, kde \u0161t\u00e1t v druhej vlne koronav\u00edrusu plo\u0161ne zak\u00e1\u017ee verejn\u00e9 bohoslu\u017eby. Jedinou v\u00fdnimkou bud\u00fa krsty, sob\u00e1\u0161e a pohreby.<\/p>\n\n\n<p><!--more--><\/p>\n\n\n<p>Slovensk\u00ed biskupi v listoch predstavite\u013eom Slovenskej republiky vyjadrili, \u017ee s\u00fa ochotn\u00ed \u0161t\u00e1tu pom\u00e1ha\u0165, aby mohol n\u00e1ro\u010dn\u00fa situ\u00e1ciu s koronav\u00edrusom zvl\u00e1dnu\u0165, a \u017ee plne podporuj\u00fa toto \u00fasilie. Opakovane preto n\u00e1stojili na dodr\u017eiavan\u00ed opatren\u00ed vo farnostiach, aby sa z chr\u00e1mov nestali epicentr\u00e1 n\u00e1kazy. Ni\u010d nenasved\u010duje tomu, \u017ee by sa tak stalo. Aj preto zost\u00e1va mnoho veriacich prekvapen\u00fdch z toho, \u017ee k\u00fdm cestova\u0165, chodi\u0165 do pr\u00e1ce aj na n\u00e1kupy, ba aj stolova\u0165 vonku bude na\u010falej mo\u017en\u00e9, kona\u0165 bohoslu\u017ebu v chr\u00e1me \u010di pred n\u00edm mo\u017en\u00e9 nebude.<\/p>\n\n\n\n<p>Iste\u017ee, veriaci s\u00fa ochotn\u00ed prin\u00e1\u0161a\u0165 pre spolo\u010dn\u00e9 dobro aj ve\u013ek\u00e9 obete a prija\u0165 aj z\u00e1sadn\u00e9 obmedzenia. No vzia\u0165 im \u00faplne priestor pre sl\u00e1venie, to mnoh\u00ed vn\u00edmaj\u00fa ako prejav praktick\u00e9ho materializmu, ktor\u00fd duchovn\u00fd \u017eivot poklad\u00e1 za zbyto\u010dn\u00fd. Avizovan\u00fd sp\u00f4sob opakovan\u00e9ho plo\u0161n\u00e9ho &#8220;vyp\u00ednania&#8221; n\u00e1bo\u017eensk\u00e9ho \u017eivota nesie v sebe riziko zabudnutia na d\u00f4le\u017eit\u00e9 skuto\u010dnosti, konkr\u00e9tne na d\u00f4stojnos\u0165 \u013eudskej osoby, ktor\u00e1 m\u00e1 nielen telesn\u00e9, ale aj duchovn\u00e9 potreby.<\/p>\n\n\n\n<p>Biskupi \u010dakali, k\u00fdm to bolo mo\u017en\u00e9, na reakciu predstavite\u013eov \u0161t\u00e1tu. Ich postoj v\u0161ak zostal nezmenen\u00fd. Ke\u010f\u017ee opatrenia vstupuj\u00fa zajtra do platnosti, dnes popoludn\u00ed rozposlali k\u0148azom list, v jednotliv\u00fdch diec\u00e9zach doplnen\u00fd pr\u00edpadn\u00fdmi \u010fal\u0161\u00edmi usmerneniami.&#8221;<br>TK KBS<\/p>\n\t\t\t\t","protected":false},"excerpt":{"rendered":"<p>&#8220;Slovensk\u00ed biskupi urobili v\u0161etko, \u010do bolo v ich sil\u00e1ch, aby zostala zachovan\u00e1 aspo\u0148 z\u00e1kladn\u00e1, minim\u00e1lna mo\u017enos\u0165 verejn\u00fdch sl\u00e1ven\u00ed bohoslu\u017eieb. Boli ochotn\u00ed prija\u0165 spr\u00edsnen\u00e9 obmedzenia alebo podmienky. Komunikovali s odborn\u00edkmi zo \u0161t\u00e1bov, s predstavite\u013emi \u0161t\u00e1tu, s premi\u00e9rom a nap\u00edsali listy aj v\u0161etk\u00fdm ministrom vl\u00e1dy SR &#8211; so \u017eiados\u0165ou o prehodnotenie v\u0161eobecn\u00e9ho, plo\u0161n\u00e9ho z\u00e1kazu verejn\u00e9ho sl\u00e1venia. Napriek &#8230; <span class=\"more\"><a class=\"more-link\" href=\"https:\/\/www.farakostolna.sk\/?p=4950\">[\u010c\u00edta\u0165 \u010falej&#8230;]<\/a><\/span><\/p>\n","protected":false},"author":7,"featured_media":4951,"comment_status":"closed","ping_status":"closed","sticky":false,"template":"","format":"standard","meta":{"footnotes":""},"categories":[5],"tags":[],"class_list":{"0":"entry","1":"post","2":"publish","3":"author-slado89gmail-com","4":"has-excerpt","5":"has-more-link","6":"post-4950","8":"format-standard","9":"has-post-thumbnail","10":"category-aktuality"},"_links":{"self":[{"href":"https:\/\/www.farakostolna.sk\/index.php?rest_route=\/wp\/v2\/posts\/4950","targetHints":{"allow":["GET"]}}],"collection":[{"href":"https:\/\/www.farakostolna.sk\/index.php?rest_route=\/wp\/v2\/posts"}],"about":[{"href":"https:\/\/www.farakostolna.sk\/index.php?rest_route=\/wp\/v2\/types\/post"}],"author":[{"embeddable":true,"href":"https:\/\/www.farakostolna.sk\/index.php?rest_route=\/wp\/v2\/users\/7"}],"replies":[{"embeddable":true,"href":"https:\/\/www.farakostolna.sk\/index.php?rest_route=%2Fwp%2Fv2%2Fcomments&post=4950"}],"version-history":[{"count":0,"href":"https:\/\/www.farakostolna.sk\/index.php?rest_route=\/wp\/v2\/posts\/4950\/revisions"}],"wp:featuredmedia":[{"embeddable":true,"href":"https:\/\/www.farakostolna.sk\/index.php?rest_route=\/"}],"wp:attachment":[{"href":"https:\/\/www.farakostolna.sk\/index.php?rest_route=%2Fwp%2Fv2%2Fmedia&parent=4950"}],"wp:term":[{"taxonomy":"category","embeddable":true,"href":"https:\/\/www.farakostolna.sk\/index.php?rest_route=%2Fwp%2Fv2%2Fcategories&post=4950"},{"taxonomy":"post_tag","embeddable":true,"href":"https:\/\/www.farakostolna.sk\/index.php?rest_route=%2Fwp%2Fv2%2Ftags&post=4950"}],"curies":[{"name":"wp","href":"https:\/\/api.w.org\/{rel}","templated":true}]}}