{"id":4941,"date":"2020-10-16T11:26:42","date_gmt":"2020-10-16T11:26:42","guid":{"rendered":"http:\/\/kostolna.fara.sk\/?p=4941"},"modified":"2020-10-16T11:26:42","modified_gmt":"2020-10-16T11:26:42","slug":"misijna-nedela","status":"publish","type":"post","link":"https:\/\/www.farakostolna.sk\/?p=4941","title":{"rendered":"Misijn\u00e1 nede\u013ea"},"content":{"rendered":"\n\t\t\t\t\n\t\t\t\t\n<div class=\"wp-block-image\"><figure class=\"alignleft is-resized\"><img loading=\"lazy\" decoding=\"async\" src=\"http:\/\/kostolna.fara.sk\/wp-content\/uploads\/2020\/10\/WhatsApp-Image-2020-10-13-at-13.01.51-1024x768.jpeg\" alt=\"\" class=\"wp-image-4942\" width=\"438\" height=\"329\"\/><\/figure><\/div>\n\n\n\n<p>Mil\u00ed priatelia, sestry a bratia, deti i ml\u00e1de\u017e, s bl\u00ed\u017eiacou sa Misijnou nede\u013eou v\u00e1s poz\u00fdvam zapoji\u0165 sa do podpory misijn\u00e9ho projektu v Tanz\u00e1nii, v chudobnej farnosti v Bulige. <\/p>\n\n\n<p><!--more--><\/p>\n\n\n<p>Spolu s otcom Pavlom Gajdo\u0161om sme viackr\u00e1t nav\u0161t\u00edvili Tanz\u00e1niu, kde st\u00e1le prebieha e\u0161te prvotn\u00e1 evanjeliz\u00e1cia. Rozhodli sme sa, \u017ee po prv\u00fdch projektoch, ktor\u00e9 s\u00fa u\u017e zrealizovan\u00e9 &#8211; vyv\u0155tanie studn\u00ed v chudobn\u00fdch bu\u0161ov\u00fdch komunit\u00e1ch v Namonge a Mwime (studne teraz sl\u00fa\u017eia komunit\u00e1m od 5 000 &#8211; 20 000 obyvate\u013eom), by sme chceli pom\u00f4c\u0165 i \u010falej. Miestny taliansky mision\u00e1r otec Salvatore Guerrera n\u00e1s poprosil o pomoc so stavbou \u0161koly v Bulige.  <br><\/p>\n\n\n\n<p>Tieto projekty (v\u0155tanie studn\u00ed, stavba \u0161koly) sa n\u00e1m ve\u013emi p\u00e1\u010dia, lebo sl\u00fa\u017eia v\u0161etk\u00fdm \u013eu\u010fom a z\u00e1rove\u0148 kr\u00e1snym sp\u00f4sobom poukazuj\u00fa na solidaritu a spolupatri\u010dnos\u0165, ktorou by sme sa mali vyzna\u010dova\u0165. <br><br>Budeme ve\u013emi v\u010fa\u010dn\u00fd za ak\u00fako\u013evek pomoc. Ak by ste chceli prispie\u0165 priamo na tento projekt \u0161koly, m\u00f4\u017eete posla\u0165 svoje misijn\u00e9 milodary na nasledovn\u00fd \u00fa\u010det: <br><br><strong>IBAN:  SK79 1100 0000 0080 1011 9693<br>BIC\/SWIFT: TATRSKBX(XXX)<br>Meno: Bulige school, Tanzania<\/strong><\/p>\n\n\n\n<p>Hrub\u00e1 stavba triedy stoj\u00ed \u20ac 8 000.<br>Strecha na jednu triedu: \u20ac 2 000. <br>Vyv\u0155tanie studne: \u20ac 7 000. <\/p>\n\n\n\n<p>Srde\u010dn\u00e1 v\u010faka a nech v\u00e1s P\u00e1n Boh odmen\u00ed za va\u0161u \u0161tedros\u0165. <\/p>\n\n\n\n<p>otcovia Pavol Gajdo\u0161 a Benjam\u00edn Kosn\u00e1\u010d<\/p>\n\n\n\n<p><strong>Po kliknut\u00ed na obr\u00e1zok sa spust\u00ed video<\/strong><\/p>\n\n\n\n<a href=\"https:\/\/drive.google.com\/file\/d\/1V-iyQKGdduqOyMl-O0HAFbRRI8aGJZEE\/view?usp=sharing\"><figure class=\"wp-block-image\"><img decoding=\"async\" src=\"http:\/\/kostolna.fara.sk\/wp-content\/uploads\/2020\/10\/image.png\" alt=\"\" class=\"wp-image-4944\"\/><\/figure><\/a>\n\t\t\t\t","protected":false},"excerpt":{"rendered":"<p>Mil\u00ed priatelia, sestry a bratia, deti i ml\u00e1de\u017e, s bl\u00ed\u017eiacou sa Misijnou nede\u013eou v\u00e1s poz\u00fdvam zapoji\u0165 sa do podpory misijn\u00e9ho projektu v Tanz\u00e1nii, v chudobnej farnosti v Bulige.<\/p>\n","protected":false},"author":7,"featured_media":4942,"comment_status":"closed","ping_status":"closed","sticky":false,"template":"","format":"standard","meta":{"footnotes":""},"categories":[5],"tags":[],"class_list":{"0":"entry","1":"post","2":"publish","3":"author-slado89gmail-com","4":"has-excerpt","5":"has-more-link","6":"post-4941","8":"format-standard","9":"has-post-thumbnail","10":"category-aktuality"},"_links":{"self":[{"href":"https:\/\/www.farakostolna.sk\/index.php?rest_route=\/wp\/v2\/posts\/4941","targetHints":{"allow":["GET"]}}],"collection":[{"href":"https:\/\/www.farakostolna.sk\/index.php?rest_route=\/wp\/v2\/posts"}],"about":[{"href":"https:\/\/www.farakostolna.sk\/index.php?rest_route=\/wp\/v2\/types\/post"}],"author":[{"embeddable":true,"href":"https:\/\/www.farakostolna.sk\/index.php?rest_route=\/wp\/v2\/users\/7"}],"replies":[{"embeddable":true,"href":"https:\/\/www.farakostolna.sk\/index.php?rest_route=%2Fwp%2Fv2%2Fcomments&post=4941"}],"version-history":[{"count":0,"href":"https:\/\/www.farakostolna.sk\/index.php?rest_route=\/wp\/v2\/posts\/4941\/revisions"}],"wp:featuredmedia":[{"embeddable":true,"href":"https:\/\/www.farakostolna.sk\/index.php?rest_route=\/"}],"wp:attachment":[{"href":"https:\/\/www.farakostolna.sk\/index.php?rest_route=%2Fwp%2Fv2%2Fmedia&parent=4941"}],"wp:term":[{"taxonomy":"category","embeddable":true,"href":"https:\/\/www.farakostolna.sk\/index.php?rest_route=%2Fwp%2Fv2%2Fcategories&post=4941"},{"taxonomy":"post_tag","embeddable":true,"href":"https:\/\/www.farakostolna.sk\/index.php?rest_route=%2Fwp%2Fv2%2Ftags&post=4941"}],"curies":[{"name":"wp","href":"https:\/\/api.w.org\/{rel}","templated":true}]}}