{"id":4918,"date":"2020-10-03T07:09:00","date_gmt":"2020-10-03T07:09:00","guid":{"rendered":"http:\/\/kostolna.fara.sk\/?p=4918"},"modified":"2020-10-03T07:09:00","modified_gmt":"2020-10-03T07:09:00","slug":"oznam-k-svatym-omsiam-4-10-2020","status":"publish","type":"post","link":"https:\/\/www.farakostolna.sk\/?p=4918","title":{"rendered":"Oznam k sv\u00e4t\u00fdm om\u0161iam 4.10.2020"},"content":{"rendered":"\n\t\t\t\t\n\t\t\t\t\n<div class=\"wp-block-image\"><figure class=\"alignleft is-resized\"><img loading=\"lazy\" decoding=\"async\" src=\"http:\/\/kostolna.fara.sk\/wp-content\/uploads\/2020\/10\/WhatsApp-Image-2020-10-03-at-08.34.03-861x1024.jpeg\" alt=\"\" class=\"wp-image-4916\" width=\"328\" height=\"390\"\/><\/figure><\/div>\n\n\n\n<p>Nielen v na\u0161ich z\u00e1hrad\u00e1ch vrcholia pr\u00e1ce vo vinohradoch, ale u\u017e tretiu nede\u013eu po sebe sa v evanjeliu spom\u00edna vinohrad. <\/p>\n\n\n\n<p>Najsk\u00f4r to bolo o \u0161tedrosti, potom o trpezlivosti, no tentokr\u00e1t prich\u00e1dza Bo\u017eia spravodlivos\u0165. Boh je osl\u00e1ven\u00fd t\u00fdm, \u017ee prin\u00e1\u0161ame ve\u013ea ovocia, mus\u00edme v\u0161ak zo seba odhodi\u0165 pl\u00e1nky. Ak to neurob\u00edme my, urob\u00ed to Boh.<\/p>\n\n\n<p><!--more--><\/p>\n\n\n<p>V tomto \u010dase sme v na\u0161ej farnosti pridali \u010fal\u0161ie sv\u00e4t\u00e9 om\u0161e. <a href=\"https:\/\/drive.google.com\/file\/d\/137F9g5AvRhvIMgLXi0OkjlHmDGIm_jzv\/view?usp=sharing\">Viac vo farsk\u00fdch oznamoch.<\/a><br><br>S \u00factou, <br>Pavol Gajdo\u0161, v\u00e1\u0161 far\u00e1r<\/p>\n\t\t\t\t","protected":false},"excerpt":{"rendered":"<p>Nielen v na\u0161ich z\u00e1hrad\u00e1ch vrcholia pr\u00e1ce vo vinohradoch, ale u\u017e tretiu nede\u013eu po sebe sa v evanjeliu spom\u00edna vinohrad. Najsk\u00f4r to bolo o \u0161tedrosti, potom o trpezlivosti, no tentokr\u00e1t prich\u00e1dza Bo\u017eia spravodlivos\u0165. Boh je osl\u00e1ven\u00fd t\u00fdm, \u017ee prin\u00e1\u0161ame ve\u013ea ovocia, mus\u00edme v\u0161ak zo seba odhodi\u0165 pl\u00e1nky. Ak to neurob\u00edme my, urob\u00ed to Boh.<\/p>\n","protected":false},"author":7,"featured_media":4916,"comment_status":"closed","ping_status":"closed","sticky":false,"template":"","format":"standard","meta":{"footnotes":""},"categories":[13,17],"tags":[],"class_list":{"0":"entry","1":"post","2":"publish","3":"author-slado89gmail-com","4":"has-excerpt","5":"has-more-link","6":"post-4918","8":"format-standard","9":"has-post-thumbnail","10":"category-oznamy","11":"category-sv-omsa"},"_links":{"self":[{"href":"https:\/\/www.farakostolna.sk\/index.php?rest_route=\/wp\/v2\/posts\/4918","targetHints":{"allow":["GET"]}}],"collection":[{"href":"https:\/\/www.farakostolna.sk\/index.php?rest_route=\/wp\/v2\/posts"}],"about":[{"href":"https:\/\/www.farakostolna.sk\/index.php?rest_route=\/wp\/v2\/types\/post"}],"author":[{"embeddable":true,"href":"https:\/\/www.farakostolna.sk\/index.php?rest_route=\/wp\/v2\/users\/7"}],"replies":[{"embeddable":true,"href":"https:\/\/www.farakostolna.sk\/index.php?rest_route=%2Fwp%2Fv2%2Fcomments&post=4918"}],"version-history":[{"count":0,"href":"https:\/\/www.farakostolna.sk\/index.php?rest_route=\/wp\/v2\/posts\/4918\/revisions"}],"wp:featuredmedia":[{"embeddable":true,"href":"https:\/\/www.farakostolna.sk\/index.php?rest_route=\/"}],"wp:attachment":[{"href":"https:\/\/www.farakostolna.sk\/index.php?rest_route=%2Fwp%2Fv2%2Fmedia&parent=4918"}],"wp:term":[{"taxonomy":"category","embeddable":true,"href":"https:\/\/www.farakostolna.sk\/index.php?rest_route=%2Fwp%2Fv2%2Fcategories&post=4918"},{"taxonomy":"post_tag","embeddable":true,"href":"https:\/\/www.farakostolna.sk\/index.php?rest_route=%2Fwp%2Fv2%2Ftags&post=4918"}],"curies":[{"name":"wp","href":"https:\/\/api.w.org\/{rel}","templated":true}]}}