{"id":4911,"date":"2020-10-01T12:46:55","date_gmt":"2020-10-01T12:46:55","guid":{"rendered":"http:\/\/kostolna.fara.sk\/?p=4911"},"modified":"2020-10-01T12:46:55","modified_gmt":"2020-10-01T12:46:55","slug":"kto-nas-odluci-od-kristovej-lasky-rim-8-35-39","status":"publish","type":"post","link":"https:\/\/www.farakostolna.sk\/?p=4911","title":{"rendered":"Kto n\u00e1s odl\u00fa\u010di od Kristovej l\u00e1sky? (Rim 8, 35-39)"},"content":{"rendered":"\n\t\t\t\t\n\t\t\t\t\n<div class=\"wp-block-image\"><figure class=\"alignleft\"><img decoding=\"async\" src=\"http:\/\/kostolna.fara.sk\/wp-content\/uploads\/2020\/10\/V\u00fdst\u0159i\u017eek.png\" alt=\"\" class=\"wp-image-4912\"\/><\/figure><\/div>\n\n\n\n<p>Mil\u00ed priatelia, sestry a&nbsp;bratia v&nbsp;Kristovi!<\/p>\n\n\n\n<p>Pre t\u00fdch, ktor\u00fdm je osobn\u00e1 \u00fa\u010das\u0165 na sv\u00e4tej om\u0161i vz\u00e1cna, d\u00e1vam do pozornosti, \u017ee okrem doteraj\u0161\u00edch sv\u00e4t\u00fdch om\u0161\u00ed v&nbsp;na\u0161ej farnosti, bude pridan\u00fdch nieko\u013eko \u010fal\u0161\u00edch sv\u00e4t\u00fdch om\u0161\u00ed.<\/p>\n\n\n<p><!--more--><\/p>\n\n\n<p>Zajtra, na prv\u00fd piatok v mesiaci (2. okt\u00f3bra) bude pridan\u00e1 sv\u00e4t\u00e1 om\u0161a o 19:00 v slovenskom jazyku v Kostolnej. Taktie\u017e sk\u00fa\u0161obne bude pridan\u00e1 sv\u00e4t\u00e1 om\u0161a s nede\u013enou platnos\u0165ou v sobotu ve\u010der o 16:00 v Hrubom \u0160\u00fare v ma\u010farskom jazyku a o 18:00 v Kostolnej\u00a0\u00a0v slovenskom jazyku. V nede\u013eu r\u00e1no bude pridan\u00e1 sv\u00e4t\u00e1 om\u0161a o 7:00 v Kostolnej v slovenskom jazyku.<\/p>\n\n\n\n<p>Pre t\u00fdch, ktor\u00ed maj\u00fa obavu o&nbsp;svoj zdravotn\u00fd stav, alebo sa z&nbsp;objekt\u00edvnych pr\u00ed\u010din nezmestia do chr\u00e1mu, je otcami biskupmi udelen\u00fd di\u0161penz od osobnej \u00fa\u010dasti na sv\u00e4tej om\u0161i a\u017e do odvolania, samozrejme v&nbsp;takom pr\u00edpade je potrebn\u00e9 s&nbsp;n\u00e1le\u017eitou \u00factou a&nbsp;pozornos\u0165ou sledova\u0165, alebo po\u010d\u00fava\u0165 sv\u00e4t\u00fa om\u0161u cez masovokomunika\u010dn\u00e9 prostriedky. Ka\u017ed\u00fa nede\u013eu, o&nbsp;15:00 v&nbsp;hodinu Bo\u017eieho milosrdenstva, som pripraven\u00fd vysl\u00fa\u017ei\u0165 sviatos\u0165 zmierenia i&nbsp;sv\u00e4t\u00e9ho prij\u00edmania v&nbsp;Kostolnej pri Dunaji.<\/p>\n\n\n\n<p>Okrem toho pripom\u00ednam, \u017ee v&nbsp;Kostolnej pri Dunaji je celoro\u010dne ozvu\u010den\u00e9 aj okolie farsk\u00e9ho kostola a pr\u00edstre\u0161ok s&nbsp;lavi\u010dkami na farskom dvore.<\/p>\n\n\n\n<p>Pros\u00edm, sledujte priebe\u017ene na\u0161e oznamy. Nebu\u010fte smutn\u00ed a&nbsp;nedajte sa znechuti\u0165. N\u00e1\u0161 P\u00e1n je aj v&nbsp;tomto \u010dase v&nbsp;na\u0161ej bl\u00edzkosti.<\/p>\n\n\n\n<p>Modl\u00edm sa za v\u00e1s, <br>Pavol Gajdo\u0161, v\u00e1\u0161 far\u00e1r\u00a0\u00a0<\/p>\n\t\t\t\t","protected":false},"excerpt":{"rendered":"<p>Mil\u00ed priatelia, sestry a&nbsp;bratia v&nbsp;Kristovi! Pre t\u00fdch, ktor\u00fdm je osobn\u00e1 \u00fa\u010das\u0165 na sv\u00e4tej om\u0161i vz\u00e1cna, d\u00e1vam do pozornosti, \u017ee okrem doteraj\u0161\u00edch sv\u00e4t\u00fdch om\u0161\u00ed v&nbsp;na\u0161ej farnosti, bude pridan\u00fdch nieko\u013eko \u010fal\u0161\u00edch sv\u00e4t\u00fdch om\u0161\u00ed.<\/p>\n","protected":false},"author":7,"featured_media":4912,"comment_status":"closed","ping_status":"closed","sticky":false,"template":"","format":"standard","meta":{"footnotes":""},"categories":[17],"tags":[],"class_list":{"0":"entry","1":"post","2":"publish","3":"author-slado89gmail-com","4":"has-excerpt","5":"has-more-link","6":"post-4911","8":"format-standard","9":"has-post-thumbnail","10":"category-sv-omsa"},"_links":{"self":[{"href":"https:\/\/www.farakostolna.sk\/index.php?rest_route=\/wp\/v2\/posts\/4911","targetHints":{"allow":["GET"]}}],"collection":[{"href":"https:\/\/www.farakostolna.sk\/index.php?rest_route=\/wp\/v2\/posts"}],"about":[{"href":"https:\/\/www.farakostolna.sk\/index.php?rest_route=\/wp\/v2\/types\/post"}],"author":[{"embeddable":true,"href":"https:\/\/www.farakostolna.sk\/index.php?rest_route=\/wp\/v2\/users\/7"}],"replies":[{"embeddable":true,"href":"https:\/\/www.farakostolna.sk\/index.php?rest_route=%2Fwp%2Fv2%2Fcomments&post=4911"}],"version-history":[{"count":0,"href":"https:\/\/www.farakostolna.sk\/index.php?rest_route=\/wp\/v2\/posts\/4911\/revisions"}],"wp:featuredmedia":[{"embeddable":true,"href":"https:\/\/www.farakostolna.sk\/index.php?rest_route=\/"}],"wp:attachment":[{"href":"https:\/\/www.farakostolna.sk\/index.php?rest_route=%2Fwp%2Fv2%2Fmedia&parent=4911"}],"wp:term":[{"taxonomy":"category","embeddable":true,"href":"https:\/\/www.farakostolna.sk\/index.php?rest_route=%2Fwp%2Fv2%2Fcategories&post=4911"},{"taxonomy":"post_tag","embeddable":true,"href":"https:\/\/www.farakostolna.sk\/index.php?rest_route=%2Fwp%2Fv2%2Ftags&post=4911"}],"curies":[{"name":"wp","href":"https:\/\/api.w.org\/{rel}","templated":true}]}}