{"id":4906,"date":"2020-09-29T08:35:54","date_gmt":"2020-09-29T08:35:54","guid":{"rendered":"http:\/\/kostolna.fara.sk\/?p=4906"},"modified":"2020-09-29T08:35:54","modified_gmt":"2020-09-29T08:35:54","slug":"4906-2","status":"publish","type":"post","link":"https:\/\/www.farakostolna.sk\/?p=4906","title":{"rendered":"Modlitby a obety za \u00famysel zachovania nede\u013en\u00fdch sv. om\u0161\u00ed"},"content":{"rendered":"\n\t\t\t\t\n\t\t\t\t\n<div class=\"wp-block-image\"><figure class=\"alignleft is-resized\"><img loading=\"lazy\" decoding=\"async\" src=\"http:\/\/kostolna.fara.sk\/wp-content\/uploads\/2020\/09\/SQgwv9TwTLm_vs21SdFv0w_Talianska-verzia-modlitby-zmenila-podobu.jpg\" alt=\"\" class=\"wp-image-4907\" width=\"273\" height=\"273\"\/><\/figure><\/div>\n\n\n\n<p>Otec arcibiskup spolu s biskupom m\u00e1 dnes namieren\u00e9 na \u00farad vl\u00e1dy a bud\u00fa bojova\u0165 aspo\u0148 za nede\u013en\u00e9 sv\u00e4t\u00e9 om\u0161e. Treba si uvedomi\u0165, \u017ee \u013eudia, ktor\u00ed chodia do kostolov, patria objekt\u00edvne medzi najdisciplinovanej\u0161iu \u010das\u0165 obyvate\u013estva tejto krajiny v dodr\u017eiavan\u00ed opatren\u00ed. <br><\/p>\n\n\n<p><!--more--><\/p>\n\n\n<p>V kostoloch sa u\u017e 7 mesiacov ned\u00e1va sv\u00e4t\u00e9 prij\u00edmanie do \u00fast, sv\u00e4teni\u010dky s\u00fa odstaven\u00e9, je zru\u0161en\u00e9 spolo\u010dn\u00e9 spievanie, zaveden\u00e9 \u0161achovnicov\u00e9 sedenie\u2026 a napr\u00edklad kr\u010dmy, bary m\u00f4\u017eu by\u0165 otvoren\u00e9 cel\u00e9 dni od 6:00 do 22:00? D\u00e1va v\u00e1m to zmysel? Je norm\u00e1lne, aby sa najvy\u0161\u0161\u00ed cirkevn\u00ed predstavitelia dozvedali inform\u00e1cie oh\u013eadom ru\u0161enia bohoslu\u017eieb z ve\u010dern\u00fdch spr\u00e1v v telev\u00edzii?!? \u013dudia, ktor\u00ed v s\u00fa\u010dasnosti e\u0161te chodia na bohoslu\u017eby tam nechodia z povinnosti, ale z osobnej potreby.<br><br>Poz\u00fdvam v\u00e1s dnes v\u0161etk\u00fdch na modlitby, obety cel\u00e9ho d\u0148a na tento \u00famysel.<br><br>Pavol Gajdo\u0161, v\u00e1\u0161 far\u00e1r<\/p>\n\t\t\t\t","protected":false},"excerpt":{"rendered":"<p>Otec arcibiskup spolu s biskupom m\u00e1 dnes namieren\u00e9 na \u00farad vl\u00e1dy a bud\u00fa bojova\u0165 aspo\u0148 za nede\u013en\u00e9 sv\u00e4t\u00e9 om\u0161e. Treba si uvedomi\u0165, \u017ee \u013eudia, ktor\u00ed chodia do kostolov, patria objekt\u00edvne medzi najdisciplinovanej\u0161iu \u010das\u0165 obyvate\u013estva tejto krajiny v dodr\u017eiavan\u00ed opatren\u00ed.<\/p>\n","protected":false},"author":7,"featured_media":4907,"comment_status":"closed","ping_status":"closed","sticky":false,"template":"","format":"standard","meta":{"footnotes":""},"categories":[1],"tags":[],"class_list":{"0":"entry","1":"post","2":"publish","3":"author-slado89gmail-com","4":"has-excerpt","5":"has-more-link","6":"post-4906","8":"format-standard","9":"has-post-thumbnail","10":"category-uncategorized"},"_links":{"self":[{"href":"https:\/\/www.farakostolna.sk\/index.php?rest_route=\/wp\/v2\/posts\/4906","targetHints":{"allow":["GET"]}}],"collection":[{"href":"https:\/\/www.farakostolna.sk\/index.php?rest_route=\/wp\/v2\/posts"}],"about":[{"href":"https:\/\/www.farakostolna.sk\/index.php?rest_route=\/wp\/v2\/types\/post"}],"author":[{"embeddable":true,"href":"https:\/\/www.farakostolna.sk\/index.php?rest_route=\/wp\/v2\/users\/7"}],"replies":[{"embeddable":true,"href":"https:\/\/www.farakostolna.sk\/index.php?rest_route=%2Fwp%2Fv2%2Fcomments&post=4906"}],"version-history":[{"count":0,"href":"https:\/\/www.farakostolna.sk\/index.php?rest_route=\/wp\/v2\/posts\/4906\/revisions"}],"wp:featuredmedia":[{"embeddable":true,"href":"https:\/\/www.farakostolna.sk\/index.php?rest_route=\/"}],"wp:attachment":[{"href":"https:\/\/www.farakostolna.sk\/index.php?rest_route=%2Fwp%2Fv2%2Fmedia&parent=4906"}],"wp:term":[{"taxonomy":"category","embeddable":true,"href":"https:\/\/www.farakostolna.sk\/index.php?rest_route=%2Fwp%2Fv2%2Fcategories&post=4906"},{"taxonomy":"post_tag","embeddable":true,"href":"https:\/\/www.farakostolna.sk\/index.php?rest_route=%2Fwp%2Fv2%2Ftags&post=4906"}],"curies":[{"name":"wp","href":"https:\/\/api.w.org\/{rel}","templated":true}]}}