{"id":4898,"date":"2020-09-26T14:41:21","date_gmt":"2020-09-26T14:41:21","guid":{"rendered":"http:\/\/kostolna.fara.sk\/?p=4898"},"modified":"2020-09-26T14:41:21","modified_gmt":"2020-09-26T14:41:21","slug":"oznam-k-svatym-omsiam-27-9-2020","status":"publish","type":"post","link":"https:\/\/www.farakostolna.sk\/?p=4898","title":{"rendered":"Oznam k sv\u00e4t\u00fdm om\u0161iam 27.9.2020"},"content":{"rendered":"\n\t\t\t\t\n\t\t\t\t\n<div class=\"wp-block-image\"><figure class=\"alignleft is-resized\"><img loading=\"lazy\" decoding=\"async\" src=\"http:\/\/kostolna.fara.sk\/wp-content\/uploads\/2020\/09\/image0-843x1024.jpeg\" alt=\"\" class=\"wp-image-4899\" width=\"308\" height=\"374\"\/><\/figure><\/div>\n\n\n\n<p>(Mt 21, 28-32)<br>Boh miluje \u00faprimnos\u0165. Rad\u0161ej si od n\u00e1s vypo\u010duje: &#8220;Nechce sa mi.&#8221; A potom sleduje na\u0161e obr\u00e1tenie a cestu k sp\u00e1se, ako by mal po\u010d\u00fava\u0165 na\u0161e falo\u0161n\u00e9 &#8220;\u00e1no&#8221;, ktor\u00fdm maskujeme na\u0161u povrchnos\u0165. Rad\u0161ej zvolajme: &#8220;Pane ver\u00edm, pom\u00f4\u017e mojej nevere&#8221;, akoby sme mali klama\u0165 sami seba, nieto e\u0161te Boha.<\/p>\n\n\n<p><!--more--><\/p>\n\n\n<p>Boh vie, \u017ee ako jeho ove\u010dky m\u00e1me r\u00f4zne u\u0161i (i za u\u0161ami). Dajme sa uchv\u00e1ti\u0165 dobrotou a l\u00e1skavos\u0165ou n\u00e1\u0161ho Boha a vyu\u017eime t\u00fato \u0161ancu.<\/p>\n\n\n\n<p>V t\u00fato nede\u013eu bud\u00fa sv\u00e4t\u00e9 om\u0161e v Kostolnej pre po\u010dasie vo vn\u00fatri chr\u00e1mu, av\u0161ak bud\u00fa pripraven\u00e9 aj lavi\u010dky pred kostolom a pod ozvu\u010den\u00fdm pr\u00edstre\u0161kom.<br><br>S \u00factou, <br>Pavol Gajdo\u0161, v\u00e1\u0161 far\u00e1r <\/p>\n\t\t\t\t","protected":false},"excerpt":{"rendered":"<p>(Mt 21, 28-32)Boh miluje \u00faprimnos\u0165. Rad\u0161ej si od n\u00e1s vypo\u010duje: &#8220;Nechce sa mi.&#8221; A potom sleduje na\u0161e obr\u00e1tenie a cestu k sp\u00e1se, ako by mal po\u010d\u00fava\u0165 na\u0161e falo\u0161n\u00e9 &#8220;\u00e1no&#8221;, ktor\u00fdm maskujeme na\u0161u povrchnos\u0165. Rad\u0161ej zvolajme: &#8220;Pane ver\u00edm, pom\u00f4\u017e mojej nevere&#8221;, akoby sme mali klama\u0165 sami seba, nieto e\u0161te Boha.<\/p>\n","protected":false},"author":7,"featured_media":4899,"comment_status":"closed","ping_status":"closed","sticky":false,"template":"","format":"standard","meta":{"footnotes":""},"categories":[17],"tags":[],"class_list":{"0":"entry","1":"post","2":"publish","3":"author-slado89gmail-com","4":"has-excerpt","5":"has-more-link","6":"post-4898","8":"format-standard","9":"has-post-thumbnail","10":"category-sv-omsa"},"_links":{"self":[{"href":"https:\/\/www.farakostolna.sk\/index.php?rest_route=\/wp\/v2\/posts\/4898","targetHints":{"allow":["GET"]}}],"collection":[{"href":"https:\/\/www.farakostolna.sk\/index.php?rest_route=\/wp\/v2\/posts"}],"about":[{"href":"https:\/\/www.farakostolna.sk\/index.php?rest_route=\/wp\/v2\/types\/post"}],"author":[{"embeddable":true,"href":"https:\/\/www.farakostolna.sk\/index.php?rest_route=\/wp\/v2\/users\/7"}],"replies":[{"embeddable":true,"href":"https:\/\/www.farakostolna.sk\/index.php?rest_route=%2Fwp%2Fv2%2Fcomments&post=4898"}],"version-history":[{"count":0,"href":"https:\/\/www.farakostolna.sk\/index.php?rest_route=\/wp\/v2\/posts\/4898\/revisions"}],"wp:featuredmedia":[{"embeddable":true,"href":"https:\/\/www.farakostolna.sk\/index.php?rest_route=\/"}],"wp:attachment":[{"href":"https:\/\/www.farakostolna.sk\/index.php?rest_route=%2Fwp%2Fv2%2Fmedia&parent=4898"}],"wp:term":[{"taxonomy":"category","embeddable":true,"href":"https:\/\/www.farakostolna.sk\/index.php?rest_route=%2Fwp%2Fv2%2Fcategories&post=4898"},{"taxonomy":"post_tag","embeddable":true,"href":"https:\/\/www.farakostolna.sk\/index.php?rest_route=%2Fwp%2Fv2%2Ftags&post=4898"}],"curies":[{"name":"wp","href":"https:\/\/api.w.org\/{rel}","templated":true}]}}