{"id":4864,"date":"2020-09-19T14:07:16","date_gmt":"2020-09-19T14:07:16","guid":{"rendered":"http:\/\/kostolna.fara.sk\/?p=4864"},"modified":"2020-09-19T14:07:16","modified_gmt":"2020-09-19T14:07:16","slug":"oznam-k-svatym-omsiam-20-9-2020","status":"publish","type":"post","link":"https:\/\/www.farakostolna.sk\/?p=4864","title":{"rendered":"Oznam k sv\u00e4t\u00fdm om\u0161iam 20.9.2020"},"content":{"rendered":"\n\t\t\t\t\n\t\t\t\t\n<div class=\"wp-block-image\"><figure class=\"alignleft is-resized\"><img loading=\"lazy\" decoding=\"async\" src=\"http:\/\/kostolna.fara.sk\/wp-content\/uploads\/2020\/09\/WhatsApp-Image-2020-09-19-at-15.05.01-838x1024.jpeg\" alt=\"\" class=\"wp-image-4865\" width=\"250\" height=\"300\"\/><\/figure><\/div>\n\n\n\n<p>Minul\u00fa nede\u013eu n\u00e1s Je\u017ei\u0161 vyz\u00fdval k ve\u013ekorysosti v odpusten\u00ed. Teraz n\u00e1s poz\u00fdva k dopusteniu &#8211; k dobroprajnosti, \u0161tedrosti, ve\u013ekorysosti. Nielen v\u0161ak v hmotn\u00fdch veciach, tam by sme to sn\u00e1\u010f aj zvl\u00e1dli. Dovo\u013eme Bohu, aby prijal aj hrie\u0161nikov, aj t\u00fdch, ktor\u00ed n\u00e1m ubl\u00ed\u017eili. Op\u00e4\u0165 to sami ned\u00e1me. Ve\u010f Jeho cesty s\u00fa vysoko nad t\u00fdmi na\u0161imi.<\/p>\n\n\n<p><!--more--><\/p>\n\n\n<p>Aj v t\u00fato nede\u013eu bud\u00fa sv\u00e4t\u00e9 om\u0161e v Kostolnej vonku na farskom dvore. Ke\u010f\u017ee u\u017e b\u00fdva z r\u00e1na chladnej\u0161ie, odpor\u00fa\u010dam sa pod\u013ea toho obliec\u0165. Lavi\u010dky a ozvu\u010denie bude pripraven\u00e9, parkujte pros\u00edm na farskej z\u00e1hrade zo strany od cesty na Kr\u00e1\u013eov\u00fa. <br><\/p>\n\n\n\n<p>Te\u0161\u00edme sa na v\u00e1s. <br>Pavol Gajdo\u0161, v\u00e1\u0161 far\u00e1r<\/p>\n\t\t\t\t","protected":false},"excerpt":{"rendered":"<p>Minul\u00fa nede\u013eu n\u00e1s Je\u017ei\u0161 vyz\u00fdval k ve\u013ekorysosti v odpusten\u00ed. Teraz n\u00e1s poz\u00fdva k dopusteniu &#8211; k dobroprajnosti, \u0161tedrosti, ve\u013ekorysosti. Nielen v\u0161ak v hmotn\u00fdch veciach, tam by sme to sn\u00e1\u010f aj zvl\u00e1dli. Dovo\u013eme Bohu, aby prijal aj hrie\u0161nikov, aj t\u00fdch, ktor\u00ed n\u00e1m ubl\u00ed\u017eili. Op\u00e4\u0165 to sami ned\u00e1me. Ve\u010f Jeho cesty s\u00fa vysoko nad t\u00fdmi na\u0161imi.<\/p>\n","protected":false},"author":7,"featured_media":4865,"comment_status":"closed","ping_status":"closed","sticky":false,"template":"","format":"standard","meta":{"footnotes":""},"categories":[17],"tags":[],"class_list":{"0":"entry","1":"post","2":"publish","3":"author-slado89gmail-com","4":"has-excerpt","5":"has-more-link","6":"post-4864","8":"format-standard","9":"has-post-thumbnail","10":"category-sv-omsa"},"_links":{"self":[{"href":"https:\/\/www.farakostolna.sk\/index.php?rest_route=\/wp\/v2\/posts\/4864","targetHints":{"allow":["GET"]}}],"collection":[{"href":"https:\/\/www.farakostolna.sk\/index.php?rest_route=\/wp\/v2\/posts"}],"about":[{"href":"https:\/\/www.farakostolna.sk\/index.php?rest_route=\/wp\/v2\/types\/post"}],"author":[{"embeddable":true,"href":"https:\/\/www.farakostolna.sk\/index.php?rest_route=\/wp\/v2\/users\/7"}],"replies":[{"embeddable":true,"href":"https:\/\/www.farakostolna.sk\/index.php?rest_route=%2Fwp%2Fv2%2Fcomments&post=4864"}],"version-history":[{"count":0,"href":"https:\/\/www.farakostolna.sk\/index.php?rest_route=\/wp\/v2\/posts\/4864\/revisions"}],"wp:featuredmedia":[{"embeddable":true,"href":"https:\/\/www.farakostolna.sk\/index.php?rest_route=\/"}],"wp:attachment":[{"href":"https:\/\/www.farakostolna.sk\/index.php?rest_route=%2Fwp%2Fv2%2Fmedia&parent=4864"}],"wp:term":[{"taxonomy":"category","embeddable":true,"href":"https:\/\/www.farakostolna.sk\/index.php?rest_route=%2Fwp%2Fv2%2Fcategories&post=4864"},{"taxonomy":"post_tag","embeddable":true,"href":"https:\/\/www.farakostolna.sk\/index.php?rest_route=%2Fwp%2Fv2%2Ftags&post=4864"}],"curies":[{"name":"wp","href":"https:\/\/api.w.org\/{rel}","templated":true}]}}