{"id":4854,"date":"2020-09-15T05:55:50","date_gmt":"2020-09-15T05:55:50","guid":{"rendered":"http:\/\/kostolna.fara.sk\/?p=4854"},"modified":"2020-09-15T05:55:50","modified_gmt":"2020-09-15T05:55:50","slug":"oznam-k-svatym-omsiam-15-9-2020","status":"publish","type":"post","link":"https:\/\/www.farakostolna.sk\/?p=4854","title":{"rendered":"Oznam k sv\u00e4t\u00fdm om\u0161iam 15.9.2020"},"content":{"rendered":"\n\t\t\t\t\n\t\t\t\t\n<div class=\"wp-block-image\"><figure class=\"alignleft is-resized\"><img loading=\"lazy\" decoding=\"async\" src=\"http:\/\/kostolna.fara.sk\/wp-content\/uploads\/2020\/09\/V\u00fdst\u0159i\u017eek-1-962x1024.png\" alt=\"\" class=\"wp-image-4856\" width=\"345\" height=\"367\"\/><\/figure><\/div>\n\n\n\n<p>Aj dne\u0161n\u00fa sl\u00e1vnos\u0165 Sedembolestnej Panny M\u00e1rie &#8211; patr\u00f3nky Slovenska, osl\u00e1vime v Kostolnej vonku na farskom dvore. Sv\u00e4t\u00e9 om\u0161e bud\u00fa o 9:00 v ma\u010farskom a ve\u010der o 18:00 v slovenskom jazyku. Te\u0161\u00edme sa na v\u00e1s.<\/p>\n\n\n<p><!--more--><\/p>\n\n\n<p> Pavol Gajdo\u0161, v\u00e1\u0161 far\u00e1r<\/p>\n\n\n\n<div class=\"wp-block-image\"><figure class=\"alignleft\"><img decoding=\"async\" src=\"http:\/\/kostolna.fara.sk\/wp-content\/uploads\/2020\/09\/WhatsApp-Image-2020-09-15-at-07.39.22-1024x768.jpeg\" alt=\"\" class=\"wp-image-4858\"\/><\/figure><\/div>\n\t\t\t\t","protected":false},"excerpt":{"rendered":"<p>Aj dne\u0161n\u00fa sl\u00e1vnos\u0165 Sedembolestnej Panny M\u00e1rie &#8211; patr\u00f3nky Slovenska, osl\u00e1vime v Kostolnej vonku na farskom dvore. Sv\u00e4t\u00e9 om\u0161e bud\u00fa o 9:00 v ma\u010farskom a ve\u010der o 18:00 v slovenskom jazyku. Te\u0161\u00edme sa na v\u00e1s.<\/p>\n","protected":false},"author":7,"featured_media":4856,"comment_status":"closed","ping_status":"closed","sticky":false,"template":"","format":"standard","meta":{"footnotes":""},"categories":[17],"tags":[],"class_list":{"0":"entry","1":"post","2":"publish","3":"author-slado89gmail-com","4":"has-excerpt","5":"has-more-link","6":"post-4854","8":"format-standard","9":"has-post-thumbnail","10":"category-sv-omsa"},"_links":{"self":[{"href":"https:\/\/www.farakostolna.sk\/index.php?rest_route=\/wp\/v2\/posts\/4854","targetHints":{"allow":["GET"]}}],"collection":[{"href":"https:\/\/www.farakostolna.sk\/index.php?rest_route=\/wp\/v2\/posts"}],"about":[{"href":"https:\/\/www.farakostolna.sk\/index.php?rest_route=\/wp\/v2\/types\/post"}],"author":[{"embeddable":true,"href":"https:\/\/www.farakostolna.sk\/index.php?rest_route=\/wp\/v2\/users\/7"}],"replies":[{"embeddable":true,"href":"https:\/\/www.farakostolna.sk\/index.php?rest_route=%2Fwp%2Fv2%2Fcomments&post=4854"}],"version-history":[{"count":0,"href":"https:\/\/www.farakostolna.sk\/index.php?rest_route=\/wp\/v2\/posts\/4854\/revisions"}],"wp:featuredmedia":[{"embeddable":true,"href":"https:\/\/www.farakostolna.sk\/index.php?rest_route=\/"}],"wp:attachment":[{"href":"https:\/\/www.farakostolna.sk\/index.php?rest_route=%2Fwp%2Fv2%2Fmedia&parent=4854"}],"wp:term":[{"taxonomy":"category","embeddable":true,"href":"https:\/\/www.farakostolna.sk\/index.php?rest_route=%2Fwp%2Fv2%2Fcategories&post=4854"},{"taxonomy":"post_tag","embeddable":true,"href":"https:\/\/www.farakostolna.sk\/index.php?rest_route=%2Fwp%2Fv2%2Ftags&post=4854"}],"curies":[{"name":"wp","href":"https:\/\/api.w.org\/{rel}","templated":true}]}}