{"id":4848,"date":"2020-09-12T16:30:40","date_gmt":"2020-09-12T16:30:40","guid":{"rendered":"http:\/\/kostolna.fara.sk\/?p=4848"},"modified":"2020-09-12T16:30:40","modified_gmt":"2020-09-12T16:30:40","slug":"oznam-k-svatym-omsiam-13-9-2020","status":"publish","type":"post","link":"https:\/\/www.farakostolna.sk\/?p=4848","title":{"rendered":"Oznam k sv\u00e4t\u00fdm om\u0161iam 13.9.2020"},"content":{"rendered":"\n\t\t\t\t\n\t\t\t\t\n<div class=\"wp-block-image\"><figure class=\"alignleft is-resized\"><img loading=\"lazy\" decoding=\"async\" src=\"http:\/\/kostolna.fara.sk\/wp-content\/uploads\/2020\/09\/WhatsApp-Image-2020-09-12-at-16.14.21.jpeg\" alt=\"\" class=\"wp-image-4849\" width=\"352\" height=\"199\"\/><\/figure><\/div>\n\n\n\n<p>Ak by som sa sp\u00fdtal: \u201e\u010co je pre n\u00e1s naj\u0165a\u017e\u0161ie?\u201c Ak\u00e1 by bola odpove\u010f? Vzda\u0165 sa pl\u00e1nov? Ochorie\u0165? Spr\u00e1vne sa rozhodn\u00fa\u0165, \u010di vzia\u0165 na seba zodpovednos\u0165? Nu\u017e s\u00fa to \u0165a\u017ek\u00e9 veci. Ale Boh od n\u00e1s chce e\u0161te viac: \u201eOdpus\u0165 n\u00e1m na\u0161e viny, tak ako aj my odp\u00fa\u0161\u0165ame svojim vinn\u00edkom.\u201c M\u00f4\u017ee to od n\u00e1s chcie\u0165, lebo n\u00e1m s t\u00fdm m\u00f4\u017ee pom\u00f4c\u0165. Ak mu to dovol\u00edme.<\/p>\n\n\n<p><!--more--><\/p>\n\n\n<p>Sv\u00e4t\u00e9 om\u0161e bud\u00fa aj v t\u00fato nede\u013eu v Kostolnej vonku na farskom dvore. Pripraven\u00fdch je pre v\u00e1s dostatok lavi\u010diek. Te\u0161\u00edme sa na v\u00e1s. <\/p>\n\n\n\n<p>Pavol Gajdo\u0161, v\u00e1\u0161 far\u00e1r.<\/p>\n\t\t\t\t","protected":false},"excerpt":{"rendered":"<p>Ak by som sa sp\u00fdtal: \u201e\u010co je pre n\u00e1s naj\u0165a\u017e\u0161ie?\u201c Ak\u00e1 by bola odpove\u010f? Vzda\u0165 sa pl\u00e1nov? Ochorie\u0165? Spr\u00e1vne sa rozhodn\u00fa\u0165, \u010di vzia\u0165 na seba zodpovednos\u0165? Nu\u017e s\u00fa to \u0165a\u017ek\u00e9 veci. Ale Boh od n\u00e1s chce e\u0161te viac: \u201eOdpus\u0165 n\u00e1m na\u0161e viny, tak ako aj my odp\u00fa\u0161\u0165ame svojim vinn\u00edkom.\u201c M\u00f4\u017ee to od n\u00e1s chcie\u0165, lebo &#8230; <span class=\"more\"><a class=\"more-link\" href=\"https:\/\/www.farakostolna.sk\/?p=4848\">[\u010c\u00edta\u0165 \u010falej&#8230;]<\/a><\/span><\/p>\n","protected":false},"author":7,"featured_media":4849,"comment_status":"closed","ping_status":"closed","sticky":false,"template":"","format":"standard","meta":{"footnotes":""},"categories":[17],"tags":[],"class_list":{"0":"entry","1":"post","2":"publish","3":"author-slado89gmail-com","4":"has-excerpt","5":"has-more-link","6":"post-4848","8":"format-standard","9":"has-post-thumbnail","10":"category-sv-omsa"},"_links":{"self":[{"href":"https:\/\/www.farakostolna.sk\/index.php?rest_route=\/wp\/v2\/posts\/4848","targetHints":{"allow":["GET"]}}],"collection":[{"href":"https:\/\/www.farakostolna.sk\/index.php?rest_route=\/wp\/v2\/posts"}],"about":[{"href":"https:\/\/www.farakostolna.sk\/index.php?rest_route=\/wp\/v2\/types\/post"}],"author":[{"embeddable":true,"href":"https:\/\/www.farakostolna.sk\/index.php?rest_route=\/wp\/v2\/users\/7"}],"replies":[{"embeddable":true,"href":"https:\/\/www.farakostolna.sk\/index.php?rest_route=%2Fwp%2Fv2%2Fcomments&post=4848"}],"version-history":[{"count":0,"href":"https:\/\/www.farakostolna.sk\/index.php?rest_route=\/wp\/v2\/posts\/4848\/revisions"}],"wp:featuredmedia":[{"embeddable":true,"href":"https:\/\/www.farakostolna.sk\/index.php?rest_route=\/"}],"wp:attachment":[{"href":"https:\/\/www.farakostolna.sk\/index.php?rest_route=%2Fwp%2Fv2%2Fmedia&parent=4848"}],"wp:term":[{"taxonomy":"category","embeddable":true,"href":"https:\/\/www.farakostolna.sk\/index.php?rest_route=%2Fwp%2Fv2%2Fcategories&post=4848"},{"taxonomy":"post_tag","embeddable":true,"href":"https:\/\/www.farakostolna.sk\/index.php?rest_route=%2Fwp%2Fv2%2Ftags&post=4848"}],"curies":[{"name":"wp","href":"https:\/\/api.w.org\/{rel}","templated":true}]}}