{"id":4839,"date":"2020-09-05T11:48:48","date_gmt":"2020-09-05T11:48:48","guid":{"rendered":"http:\/\/kostolna.fara.sk\/?p=4839"},"modified":"2020-09-05T11:48:48","modified_gmt":"2020-09-05T11:48:48","slug":"oznam-k-svatym-omsiam-6-9-2020","status":"publish","type":"post","link":"https:\/\/www.farakostolna.sk\/?p=4839","title":{"rendered":"Oznam k sv\u00e4t\u00fdm om\u0161iam 6.9.2020"},"content":{"rendered":"\n\t\t\t\t\n\t\t\t\t\n<div class=\"wp-block-image\"><figure class=\"alignleft is-resized\"><img loading=\"lazy\" decoding=\"async\" src=\"http:\/\/kostolna.fara.sk\/wp-content\/uploads\/2020\/09\/WhatsApp-Image-2020-09-05-at-11.21.30.jpeg\" alt=\"\" class=\"wp-image-4840\" width=\"384\" height=\"256\"\/><\/figure><\/div>\n\n\n\n<p>Spr\u00e1vne napom\u00ednanie je \u0165a\u017e\u0161ie, ako by sa mohlo zda\u0165. Potrebn\u00e1 je pokora a more l\u00e1sky. Je\u017ei\u0161 n\u00e1m aj v tejto veci d\u00e1va \u0161kolu \u017eivota (porov. Mt 18, 15). Vedie\u0165 pochopi\u0165 druh\u00e9ho a jeho stav. <\/p>\n\n\n<p><!--more--><\/p>\n\n\n<p>Je \u013eahk\u00e9 ods\u00fadi\u0165 in\u00e9ho, ke\u010f do neho nevid\u00edme. Kona\u0165 s opatrnos\u0165ou, aby sme neminuli cie\u013e napom\u00ednania, ktor\u00fdm je zmena bl\u00ed\u017eneho. Pokora, zvl\u00e1\u0161\u0165 v takejto citlivej oblasti ako je napom\u00ednanie, e\u0161te nikomu neubl\u00ed\u017eila a m\u00f4\u017ee sa pri\u010dini\u0165 o ve\u013ek\u00fd z\u00e1zrak, ke\u010f z\u00edskame svojho brata sp\u00e4\u0165.<\/p>\n\n\n\n<hr class=\"wp-block-separator\"\/>\n\n\n\n<p>V t\u00fato nede\u013eu bud\u00fa sv\u00e4t\u00e9 om\u0161e v Kostolnej na farskom dvore (v pr\u00edpade priazniv\u00e9ho po\u010dasia). Na rodinnej sv\u00e4tej om\u0161i o jeden\u00e1stej sa bud\u00fa po\u017eehn\u00e1va\u0165 \u0161kolsk\u00e9 ta\u0161ky a vyprosova\u0165 milosti pre \u017eiakov a u\u010dite\u013eov. Deti nech si prines\u00fa svoje \u0161kolsk\u00e9 ta\u0161ky pred za\u010diatkom sv\u00e4tej om\u0161e pred obetn\u00fd st\u00f4l. Liturgiu spestr\u00ed aj n\u00e1\u0161 spevokol. Autami parkujte pros\u00edm na farskej z\u00e1hrade zo strany na konci m\u00faru od cesty na Kr\u00e1\u013eov\u00fa. Lavi\u010dky, ozvu\u010denie ako i v pr\u00edpade potreby dostupn\u00e1 toaleta je u n\u00e1s samozrejmos\u0165ou. <br>Te\u0161\u00edme sa na v\u00e1s.<br><br>S \u00factou, <br>Pavol Gajdo\u0161, v\u00e1\u0161 far\u00e1r<\/p>\n\t\t\t\t","protected":false},"excerpt":{"rendered":"<p>Spr\u00e1vne napom\u00ednanie je \u0165a\u017e\u0161ie, ako by sa mohlo zda\u0165. Potrebn\u00e1 je pokora a more l\u00e1sky. Je\u017ei\u0161 n\u00e1m aj v tejto veci d\u00e1va \u0161kolu \u017eivota (porov. Mt 18, 15). Vedie\u0165 pochopi\u0165 druh\u00e9ho a jeho stav.<\/p>\n","protected":false},"author":7,"featured_media":4840,"comment_status":"closed","ping_status":"closed","sticky":false,"template":"","format":"standard","meta":{"footnotes":""},"categories":[17,1],"tags":[],"class_list":{"0":"entry","1":"post","2":"publish","3":"author-slado89gmail-com","4":"has-excerpt","5":"has-more-link","6":"post-4839","8":"format-standard","9":"has-post-thumbnail","10":"category-sv-omsa","11":"category-uncategorized"},"_links":{"self":[{"href":"https:\/\/www.farakostolna.sk\/index.php?rest_route=\/wp\/v2\/posts\/4839","targetHints":{"allow":["GET"]}}],"collection":[{"href":"https:\/\/www.farakostolna.sk\/index.php?rest_route=\/wp\/v2\/posts"}],"about":[{"href":"https:\/\/www.farakostolna.sk\/index.php?rest_route=\/wp\/v2\/types\/post"}],"author":[{"embeddable":true,"href":"https:\/\/www.farakostolna.sk\/index.php?rest_route=\/wp\/v2\/users\/7"}],"replies":[{"embeddable":true,"href":"https:\/\/www.farakostolna.sk\/index.php?rest_route=%2Fwp%2Fv2%2Fcomments&post=4839"}],"version-history":[{"count":0,"href":"https:\/\/www.farakostolna.sk\/index.php?rest_route=\/wp\/v2\/posts\/4839\/revisions"}],"wp:featuredmedia":[{"embeddable":true,"href":"https:\/\/www.farakostolna.sk\/index.php?rest_route=\/"}],"wp:attachment":[{"href":"https:\/\/www.farakostolna.sk\/index.php?rest_route=%2Fwp%2Fv2%2Fmedia&parent=4839"}],"wp:term":[{"taxonomy":"category","embeddable":true,"href":"https:\/\/www.farakostolna.sk\/index.php?rest_route=%2Fwp%2Fv2%2Fcategories&post=4839"},{"taxonomy":"post_tag","embeddable":true,"href":"https:\/\/www.farakostolna.sk\/index.php?rest_route=%2Fwp%2Fv2%2Ftags&post=4839"}],"curies":[{"name":"wp","href":"https:\/\/api.w.org\/{rel}","templated":true}]}}