{"id":4835,"date":"2020-08-29T15:29:03","date_gmt":"2020-08-29T15:29:03","guid":{"rendered":"http:\/\/kostolna.fara.sk\/?p=4835"},"modified":"2020-08-29T15:29:03","modified_gmt":"2020-08-29T15:29:03","slug":"oznam-k-svatym-omsiam-30-8-2020","status":"publish","type":"post","link":"https:\/\/www.farakostolna.sk\/?p=4835","title":{"rendered":"Oznam k sv\u00e4t\u00fdm om\u0161iam 30.8.2020"},"content":{"rendered":"\n\t\t\t\t\n\t\t\t\t\n<div class=\"wp-block-image\"><figure class=\"alignleft\"><img decoding=\"async\" src=\"http:\/\/kostolna.fara.sk\/wp-content\/uploads\/2020\/08\/81D82DD4-0595-4B6B-9EE8-306373C8FB90-300x200.jpeg\" alt=\"\" class=\"wp-image-4832\"\/><\/figure><\/div>\n\n\n\n<p>Spom\u00edname si? Pred t\u00fd\u017ed\u0148om: \u201eTy si Peter a na tejto skale postav\u00edm svoju Cirkev\u2026\u201c (Mt 16,18) a vz\u00e1p\u00e4t\u00ed teraz: \u201eCho\u010f mi z cesty, satan! Na pohor\u0161enie si mi, lebo nem\u00e1\u0161 zmysel pre Bo\u017eie veci, len pre \u013eudsk\u00e9!\u201c (Mt 16,23). Odstup len 5-tich ver\u0161ov vo Sv\u00e4tom P\u00edsme, kr\u00e1tka chv\u00ed\u013ea\u2026<\/p>\n\n\n<p><!--more--><\/p>\n\n\n<p>Je\u017ei\u0161 vedel, \u017ee Peter m\u00e1 pred sebou e\u0161te poriadny kus cesty. \u0160imon Peter je jednoducho naozaj jedn\u00fdm z n\u00e1s. \u010clovek nemaj\u00faci v ob\u013eube discipl\u00ednu, um\u0155tvovanie, sebazapieranie. Bo\u017estvo Je\u017ei\u0161a prij\u00edmame, ale Je\u017ei\u0161ov kr\u00ed\u017e u\u017e nie.<br><br>Lebo aj dnes existuje poku\u0161enie nasledova\u0165 Krista bez kr\u00ed\u017ea, dokonca ukazova\u0165 Bohu spr\u00e1vnu cestu. Ako Peter: ,Nie, nie, Pane, toto nie, toto nech sa nestane.\u2019 Je\u017ei\u0161 n\u00e1m v\u0161ak pripom\u00edna, \u017ee jeho cesta je cesta l\u00e1sky, a neexistuje skuto\u010dn\u00e1 l\u00e1ska bez obety seba sam\u00e9ho. Sme povolan\u00ed nenecha\u0165 sa pohlti\u0165 v\u00edziou tohto sveta, ale st\u00e1le viac si ako kres\u0165ania uvedomova\u0165 potrebu a n\u00e1mahu kr\u00e1\u010da\u0165 proti pr\u00fadu a vych\u00e1dza\u0165 v \u00fastrety. A ke\u010f budeme ma\u0165 pocit, \u017ee t\u00e1to cesta je pr\u00edli\u0161 n\u00e1ro\u010dn\u00e1, predstavme si, ako po na\u0161om boku stoj\u00ed Peter a hovor\u00ed n\u00e1m: \u201eAk Je\u017ei\u0161 mohol zmeni\u0165 m\u0148a, m\u00f4\u017ee zmeni\u0165 aj v\u00e1s!\u201c<\/p>\n\n\n\n<p>S \u00factou, <br>Pavol Gajdo\u0161, v\u00e1\u0161 far\u00e1r<\/p>\n\n\n\n<hr class=\"wp-block-separator\"\/>\n\n\n\n<p>Sv\u00e4t\u00e9 om\u0161e bud\u00fa v t\u00fato nede\u013eu v Kostolnej na farskom dvore pod pr\u00edstre\u0161kom. Kompletn\u00e9 ozvu\u010denie na dvore i vo vn\u00fatri chr\u00e1mu a mno\u017estvo lavi\u010diek na sedenie pre v\u0161etk\u00fdch je samozrejmos\u0165ou. Autami parkujte pros\u00edm vo farskej z\u00e1hrade zo strany na konci m\u00faru od cesty na Kra\u013eov\u00fa. Te\u0161\u00edme sa na v\u00e1s.<\/p>\n\t\t\t\t","protected":false},"excerpt":{"rendered":"<p>Spom\u00edname si? Pred t\u00fd\u017ed\u0148om: \u201eTy si Peter a na tejto skale postav\u00edm svoju Cirkev\u2026\u201c (Mt 16,18) a vz\u00e1p\u00e4t\u00ed teraz: \u201eCho\u010f mi z cesty, satan! Na pohor\u0161enie si mi, lebo nem\u00e1\u0161 zmysel pre Bo\u017eie veci, len pre \u013eudsk\u00e9!\u201c (Mt 16,23). Odstup len 5-tich ver\u0161ov vo Sv\u00e4tom P\u00edsme, kr\u00e1tka chv\u00ed\u013ea\u2026<\/p>\n","protected":false},"author":7,"featured_media":4832,"comment_status":"closed","ping_status":"closed","sticky":false,"template":"","format":"standard","meta":{"footnotes":""},"categories":[17],"tags":[],"class_list":{"0":"entry","1":"post","2":"publish","3":"author-slado89gmail-com","4":"has-excerpt","5":"has-more-link","6":"post-4835","8":"format-standard","9":"has-post-thumbnail","10":"category-sv-omsa"},"_links":{"self":[{"href":"https:\/\/www.farakostolna.sk\/index.php?rest_route=\/wp\/v2\/posts\/4835","targetHints":{"allow":["GET"]}}],"collection":[{"href":"https:\/\/www.farakostolna.sk\/index.php?rest_route=\/wp\/v2\/posts"}],"about":[{"href":"https:\/\/www.farakostolna.sk\/index.php?rest_route=\/wp\/v2\/types\/post"}],"author":[{"embeddable":true,"href":"https:\/\/www.farakostolna.sk\/index.php?rest_route=\/wp\/v2\/users\/7"}],"replies":[{"embeddable":true,"href":"https:\/\/www.farakostolna.sk\/index.php?rest_route=%2Fwp%2Fv2%2Fcomments&post=4835"}],"version-history":[{"count":0,"href":"https:\/\/www.farakostolna.sk\/index.php?rest_route=\/wp\/v2\/posts\/4835\/revisions"}],"wp:featuredmedia":[{"embeddable":true,"href":"https:\/\/www.farakostolna.sk\/index.php?rest_route=\/"}],"wp:attachment":[{"href":"https:\/\/www.farakostolna.sk\/index.php?rest_route=%2Fwp%2Fv2%2Fmedia&parent=4835"}],"wp:term":[{"taxonomy":"category","embeddable":true,"href":"https:\/\/www.farakostolna.sk\/index.php?rest_route=%2Fwp%2Fv2%2Fcategories&post=4835"},{"taxonomy":"post_tag","embeddable":true,"href":"https:\/\/www.farakostolna.sk\/index.php?rest_route=%2Fwp%2Fv2%2Ftags&post=4835"}],"curies":[{"name":"wp","href":"https:\/\/api.w.org\/{rel}","templated":true}]}}