{"id":4826,"date":"2020-08-22T13:11:59","date_gmt":"2020-08-22T13:11:59","guid":{"rendered":"http:\/\/kostolna.fara.sk\/?p=4826"},"modified":"2020-08-22T13:11:59","modified_gmt":"2020-08-22T13:11:59","slug":"oznam-k-svatym-omsiam-23-8-2020","status":"publish","type":"post","link":"https:\/\/www.farakostolna.sk\/?p=4826","title":{"rendered":"Oznam k sv\u00e4t\u00fdm om\u0161iam 23.8.2020"},"content":{"rendered":"\n\t\t\t\t\n\t\t\t\t\n<div class=\"wp-block-image\"><figure class=\"alignleft is-resized\"><img loading=\"lazy\" decoding=\"async\" src=\"http:\/\/kostolna.fara.sk\/wp-content\/uploads\/2020\/08\/WhatsApp-Image-2020-08-22-at-15.04.20-1024x580.jpeg\" alt=\"\" class=\"wp-image-4827\" width=\"443\" height=\"251\"\/><\/figure><\/div>\n\n\n\n<p>Cirkev m\u00e1 st\u00e1ro\u010dn\u00fa sk\u00fasenos\u0165 s odporcami i nepriate\u013emi. I uplynul\u00e9 dni n\u00e1m to potvrdzuj\u00fa. Pre niektor\u00fdch sme len paraziti na \u0161t\u00e1tnom rozpo\u010dte. <\/p>\n\n\n<p><!--more--><\/p>\n\n\n<p>Poslan\u00edm Cirkvi je hl\u00e1sa\u0165 pravdu \u2013 Krista. A to aj vtedy, ke\u010f bud\u00fa proti nej cel\u00e9 spolo\u010densko-politick\u00e9 syst\u00e9my. Vydr\u017eala mnoh\u00e9 krut\u00e9 prenasledovania i \u00fatoky blud\u00e1rov. Kres\u0165anstvo nie je ani ideol\u00f3gia ani mor\u00e1lka. Je to vz\u0165ah medzi \u010dlovekom a Bohom. Boh si vybral prv\u00fdch apo\u0161tolov spomedzi najoby\u010dajnej\u0161\u00edch \u013eud\u00ed. To preto, lebo silu jej d\u00e1va On. Cirkev nestoj\u00ed na sv\u00e4tosti Petrovej, \u010di p\u00e1pe\u017eovej\u2026 ale na Kristovi. Teda pr\u00eds\u013eub: \u201cpekeln\u00e9 br\u00e1ny ju neprem\u00f4\u017eu\u201d (Mt 16, 18) sa dot\u00fdka sp\u00e1sonosn\u00e9ho poslania cirkvi. Cirkev u\u010d\u00ed st\u00e1le to ist\u00e9, napriek tomu, \u017ee do nej bije cel\u00fd svet. Nem\u00f4\u017ee jej by\u0165 rozhoduj\u00faci po\u010det veriacich. V\u00fdlu\u010dne jej mus\u00ed \u00eds\u0165 v\u017edy o vernos\u0165 Kristovmu u\u010deniu. Na tejto vernosti stavia a vol\u00e1 ka\u017ed\u00e9ho, kto h\u013ead\u00e1 zmysel \u017eivota v Pravde.<\/p>\n\n\n\n<hr class=\"wp-block-separator\"\/>\n\n\n\n<p>Sv\u00e4t\u00e9 om\u0161e bud\u00fa v t\u00fato nede\u013eu v Kostolnej vo vn\u00fatri chr\u00e1mu, av\u0161ak op\u00e4\u0165 bude vonku na farskom dvore pripraven\u00fdch pre v\u00e1s aj 50 lavi\u010diek, ozvu\u010denie, parkovanie zo smeru od Kr\u00e1\u013eovej. Te\u0161\u00edme sa na v\u00e1s.<\/p>\n\n\n\n<p>Pavol Gajdo\u0161, <br>far\u00e1r v Kostolnej pri Dunaji<\/p>\n\t\t\t\t","protected":false},"excerpt":{"rendered":"<p>Cirkev m\u00e1 st\u00e1ro\u010dn\u00fa sk\u00fasenos\u0165 s odporcami i nepriate\u013emi. I uplynul\u00e9 dni n\u00e1m to potvrdzuj\u00fa. Pre niektor\u00fdch sme len paraziti na \u0161t\u00e1tnom rozpo\u010dte.<\/p>\n","protected":false},"author":7,"featured_media":4827,"comment_status":"closed","ping_status":"closed","sticky":false,"template":"","format":"standard","meta":{"footnotes":""},"categories":[17],"tags":[],"class_list":{"0":"entry","1":"post","2":"publish","3":"author-slado89gmail-com","4":"has-excerpt","5":"has-more-link","6":"post-4826","8":"format-standard","9":"has-post-thumbnail","10":"category-sv-omsa"},"_links":{"self":[{"href":"https:\/\/www.farakostolna.sk\/index.php?rest_route=\/wp\/v2\/posts\/4826","targetHints":{"allow":["GET"]}}],"collection":[{"href":"https:\/\/www.farakostolna.sk\/index.php?rest_route=\/wp\/v2\/posts"}],"about":[{"href":"https:\/\/www.farakostolna.sk\/index.php?rest_route=\/wp\/v2\/types\/post"}],"author":[{"embeddable":true,"href":"https:\/\/www.farakostolna.sk\/index.php?rest_route=\/wp\/v2\/users\/7"}],"replies":[{"embeddable":true,"href":"https:\/\/www.farakostolna.sk\/index.php?rest_route=%2Fwp%2Fv2%2Fcomments&post=4826"}],"version-history":[{"count":0,"href":"https:\/\/www.farakostolna.sk\/index.php?rest_route=\/wp\/v2\/posts\/4826\/revisions"}],"wp:featuredmedia":[{"embeddable":true,"href":"https:\/\/www.farakostolna.sk\/index.php?rest_route=\/"}],"wp:attachment":[{"href":"https:\/\/www.farakostolna.sk\/index.php?rest_route=%2Fwp%2Fv2%2Fmedia&parent=4826"}],"wp:term":[{"taxonomy":"category","embeddable":true,"href":"https:\/\/www.farakostolna.sk\/index.php?rest_route=%2Fwp%2Fv2%2Fcategories&post=4826"},{"taxonomy":"post_tag","embeddable":true,"href":"https:\/\/www.farakostolna.sk\/index.php?rest_route=%2Fwp%2Fv2%2Ftags&post=4826"}],"curies":[{"name":"wp","href":"https:\/\/api.w.org\/{rel}","templated":true}]}}