{"id":4820,"date":"2020-08-15T16:37:15","date_gmt":"2020-08-15T16:37:15","guid":{"rendered":"http:\/\/kostolna.fara.sk\/?p=4820"},"modified":"2020-08-15T16:37:15","modified_gmt":"2020-08-15T16:37:15","slug":"oznam-k-svatym-omsiam-16-8-2020","status":"publish","type":"post","link":"https:\/\/www.farakostolna.sk\/?p=4820","title":{"rendered":"Oznam k sv\u00e4t\u00fdm om\u0161iam 16.8.2020"},"content":{"rendered":"\n\t\t\t\t\n\t\t\t\t\n<div class=\"wp-block-image\"><figure class=\"alignleft is-resized\"><img loading=\"lazy\" decoding=\"async\" src=\"http:\/\/kostolna.fara.sk\/wp-content\/uploads\/2020\/08\/image-1-1024x682.png\" alt=\"\" class=\"wp-image-4821\" width=\"372\" height=\"248\"\/><\/figure><\/div>\n\n\n\n<p>V t\u00fato nede\u013eu sa stret\u00e1me v Evanjeliu (Mt 15, 21-28) s istou pohankou, ktor\u00e1 pri\u0161la za Je\u017ei\u0161om s ve\u013ekou prosbou. \u017diada ho, aby uzdravil jej dc\u00e9ru. Ale Je\u017ei\u0161 sa napodiv spr\u00e1va ve\u013emi zvl\u00e1\u0161tne, najprv nev\u0161\u00edmavo, chladne, nesk\u00f4r dokonca akoby poh\u0155davo. Po kr\u00e1tkom a ve\u013emi silnom dial\u00f3gu, ale Je\u017ei\u0161 napokon pochv\u00e1li vieru samarit\u00e1nky ve\u013ek\u00fdm uznan\u00edm: \u201e\u017dena, ve\u013ek\u00e1 je tvoja viera! Nech sa ti stane, ako chce\u0161.\u201c<\/p>\n\n\n<p><!--more--><\/p>\n\n\n<p>Nech n\u00e1s nikdy neodrad\u00ed pocit, \u017ee Boh nepo\u010d\u00fava na\u0161e modlitby. On ve\u013emi dobre vid\u00ed a po\u010duje. \u017dena z Evanjelia sa nedala odradi\u0165. Volala, kri\u010dala, a\u017e napokon dosiahla svoje. Ot\u00e1zka na srdce pre ka\u017ed\u00e9ho z n\u00e1s! Dok\u00e1\u017eeme sa aj my tak vytrvalo modli\u0165? Dok\u00e1\u017eeme aj my tak mocne b\u00fa\u0161i\u0165 na nebo?! Alebo to po chv\u00edli vzd\u00e1vam? <\/p>\n\n\n\n<p>Zajtra sa k n\u00e1m na sv\u00e4t\u00fdch om\u0161iach vo farnosti Kostoln\u00e1 pri Dunaji prihovor\u00ed k\u0148az Peter Majern\u00edk, ktor\u00fd ako jedin\u00fd k\u0148az zo Slovenska trvalo p\u00f4sob\u00ed v Tanz\u00e1nii a to e\u0161te k tomu v najvyprahlej\u0161ej a najchudobnej\u0161ej \u010dasti krajiny.<\/p>\n\n\n\n<p>Pripraven\u00e9 je aj kr\u00e1tke premietanie. <br>Pr\u00ed\u010fte, te\u0161\u00edme sa na v\u00e1s.<br><br>Pavol Gajdo\u0161, v\u00e1\u0161 far\u00e1r<\/p>\n\t\t\t\t","protected":false},"excerpt":{"rendered":"<p>V t\u00fato nede\u013eu sa stret\u00e1me v Evanjeliu (Mt 15, 21-28) s istou pohankou, ktor\u00e1 pri\u0161la za Je\u017ei\u0161om s ve\u013ekou prosbou. \u017diada ho, aby uzdravil jej dc\u00e9ru. Ale Je\u017ei\u0161 sa napodiv spr\u00e1va ve\u013emi zvl\u00e1\u0161tne, najprv nev\u0161\u00edmavo, chladne, nesk\u00f4r dokonca akoby poh\u0155davo. Po kr\u00e1tkom a ve\u013emi silnom dial\u00f3gu, ale Je\u017ei\u0161 napokon pochv\u00e1li vieru samarit\u00e1nky ve\u013ek\u00fdm uznan\u00edm: \u201e\u017dena, &#8230; <span class=\"more\"><a class=\"more-link\" href=\"https:\/\/www.farakostolna.sk\/?p=4820\">[\u010c\u00edta\u0165 \u010falej&#8230;]<\/a><\/span><\/p>\n","protected":false},"author":7,"featured_media":4821,"comment_status":"closed","ping_status":"closed","sticky":false,"template":"","format":"standard","meta":{"footnotes":""},"categories":[17],"tags":[],"class_list":{"0":"entry","1":"post","2":"publish","3":"author-slado89gmail-com","4":"has-excerpt","5":"has-more-link","6":"post-4820","8":"format-standard","9":"has-post-thumbnail","10":"category-sv-omsa"},"_links":{"self":[{"href":"https:\/\/www.farakostolna.sk\/index.php?rest_route=\/wp\/v2\/posts\/4820","targetHints":{"allow":["GET"]}}],"collection":[{"href":"https:\/\/www.farakostolna.sk\/index.php?rest_route=\/wp\/v2\/posts"}],"about":[{"href":"https:\/\/www.farakostolna.sk\/index.php?rest_route=\/wp\/v2\/types\/post"}],"author":[{"embeddable":true,"href":"https:\/\/www.farakostolna.sk\/index.php?rest_route=\/wp\/v2\/users\/7"}],"replies":[{"embeddable":true,"href":"https:\/\/www.farakostolna.sk\/index.php?rest_route=%2Fwp%2Fv2%2Fcomments&post=4820"}],"version-history":[{"count":0,"href":"https:\/\/www.farakostolna.sk\/index.php?rest_route=\/wp\/v2\/posts\/4820\/revisions"}],"wp:featuredmedia":[{"embeddable":true,"href":"https:\/\/www.farakostolna.sk\/index.php?rest_route=\/"}],"wp:attachment":[{"href":"https:\/\/www.farakostolna.sk\/index.php?rest_route=%2Fwp%2Fv2%2Fmedia&parent=4820"}],"wp:term":[{"taxonomy":"category","embeddable":true,"href":"https:\/\/www.farakostolna.sk\/index.php?rest_route=%2Fwp%2Fv2%2Fcategories&post=4820"},{"taxonomy":"post_tag","embeddable":true,"href":"https:\/\/www.farakostolna.sk\/index.php?rest_route=%2Fwp%2Fv2%2Ftags&post=4820"}],"curies":[{"name":"wp","href":"https:\/\/api.w.org\/{rel}","templated":true}]}}