{"id":4806,"date":"2020-08-08T11:42:38","date_gmt":"2020-08-08T11:42:38","guid":{"rendered":"http:\/\/kostolna.fara.sk\/?p=4806"},"modified":"2020-08-08T11:42:38","modified_gmt":"2020-08-08T11:42:38","slug":"oznam-k-svatym-omsiam-9-8-2020","status":"publish","type":"post","link":"https:\/\/www.farakostolna.sk\/?p=4806","title":{"rendered":"Oznam k sv\u00e4t\u00fdm om\u0161iam 9.8.2020"},"content":{"rendered":"\n\t\t\t\t\n\t\t\t\t\n<div class=\"wp-block-image\"><figure class=\"alignleft is-resized\"><img loading=\"lazy\" decoding=\"async\" src=\"http:\/\/kostolna.fara.sk\/wp-content\/uploads\/2020\/08\/WhatsApp-Image-2020-08-08-at-13.25.47-1024x744.jpeg\" alt=\"\" class=\"wp-image-4807\" width=\"349\" height=\"253\"\/><\/figure><\/div>\n\n\n\n<p>Kr\u00e1tko nato, ako za\u017eili apo\u0161toli z\u00e1zrak s chleb\u00edkmi a rybami, sa ocitli uprostred b\u00farky v strede Galilejsk\u00e9ho jazera. (pozri Mt 14, 22-33)<\/p>\n\n\n<p><!--more--><\/p>\n\n\n<p>Lo\u010f na vln\u00e1ch predstavuje n\u00e1\u0161 \u017eivot. Podobne, ako oni nevideli P\u00e1na, aj n\u00e1m sa m\u00f4\u017ee zda\u0165 nevidite\u013en\u00fd Boh vzdialen\u00fd. Ale ty sa neboj! Ak sa zameria\u0161 iba na svoj probl\u00e9m, utop\u00ed\u0161 sa v \u0148om! Preto: PO\u010e! Upri svoj zrak na Je\u017ei\u0161a, jeho pr\u00eds\u013euby, na jeho slovo, v ktorom je \u017eivot.<\/p>\n\n\n\n<p>Mo\u017eno aj v nast\u00e1vaj\u00facom t\u00fd\u017edni pr\u00edde na n\u00e1s nejak\u00e1 b\u00farka. Nev\u00e1hajme a sko\u010dme do Bo\u017eieho n\u00e1ru\u010dia, ktor\u00e9 je pre n\u00e1s neust\u00e1le otvoren\u00e9.<br><\/p>\n\n\n\n<p>S prian\u00edm Bo\u017eieho po\u017eehnania, <br>Pavol Gajdo\u0161, <br>Kostoln\u00e1 pri Dunaji<\/p>\n\n\n\n<p><\/p>\n\n\n\n<p>Sv\u00e4t\u00e9 om\u0161e s\u00fa v Kostolnej vo vn\u00fatri chr\u00e1mu, ale okolie kostola je ozvu\u010den\u00e9 a pripraven\u00fdch je 50 vonkaj\u0161\u00edch lavi\u010diek. Parkovanie je zabezpe\u010den\u00e9 na farskej z\u00e1hrade zo strany na konci m\u00faru od cesty na Kr\u00e1\u013eov\u00fa. Te\u0161\u00edme sa na v\u00e1s. <\/p>\n\t\t\t\t","protected":false},"excerpt":{"rendered":"<p>Kr\u00e1tko nato, ako za\u017eili apo\u0161toli z\u00e1zrak s chleb\u00edkmi a rybami, sa ocitli uprostred b\u00farky v strede Galilejsk\u00e9ho jazera. (pozri Mt 14, 22-33)<\/p>\n","protected":false},"author":7,"featured_media":4807,"comment_status":"closed","ping_status":"closed","sticky":false,"template":"","format":"standard","meta":{"footnotes":""},"categories":[17],"tags":[],"class_list":{"0":"entry","1":"post","2":"publish","3":"author-slado89gmail-com","4":"has-excerpt","5":"has-more-link","6":"post-4806","8":"format-standard","9":"has-post-thumbnail","10":"category-sv-omsa"},"_links":{"self":[{"href":"https:\/\/www.farakostolna.sk\/index.php?rest_route=\/wp\/v2\/posts\/4806","targetHints":{"allow":["GET"]}}],"collection":[{"href":"https:\/\/www.farakostolna.sk\/index.php?rest_route=\/wp\/v2\/posts"}],"about":[{"href":"https:\/\/www.farakostolna.sk\/index.php?rest_route=\/wp\/v2\/types\/post"}],"author":[{"embeddable":true,"href":"https:\/\/www.farakostolna.sk\/index.php?rest_route=\/wp\/v2\/users\/7"}],"replies":[{"embeddable":true,"href":"https:\/\/www.farakostolna.sk\/index.php?rest_route=%2Fwp%2Fv2%2Fcomments&post=4806"}],"version-history":[{"count":0,"href":"https:\/\/www.farakostolna.sk\/index.php?rest_route=\/wp\/v2\/posts\/4806\/revisions"}],"wp:featuredmedia":[{"embeddable":true,"href":"https:\/\/www.farakostolna.sk\/index.php?rest_route=\/"}],"wp:attachment":[{"href":"https:\/\/www.farakostolna.sk\/index.php?rest_route=%2Fwp%2Fv2%2Fmedia&parent=4806"}],"wp:term":[{"taxonomy":"category","embeddable":true,"href":"https:\/\/www.farakostolna.sk\/index.php?rest_route=%2Fwp%2Fv2%2Fcategories&post=4806"},{"taxonomy":"post_tag","embeddable":true,"href":"https:\/\/www.farakostolna.sk\/index.php?rest_route=%2Fwp%2Fv2%2Ftags&post=4806"}],"curies":[{"name":"wp","href":"https:\/\/api.w.org\/{rel}","templated":true}]}}