{"id":4799,"date":"2020-08-01T18:25:12","date_gmt":"2020-08-01T18:25:12","guid":{"rendered":"http:\/\/kostolna.fara.sk\/?p=4799"},"modified":"2020-08-01T18:25:12","modified_gmt":"2020-08-01T18:25:12","slug":"oznam-k-svatym-omsiam-2-8-2020","status":"publish","type":"post","link":"https:\/\/www.farakostolna.sk\/?p=4799","title":{"rendered":"Oznam k sv\u00e4t\u00fdm om\u0161iam 2.8.2020"},"content":{"rendered":"\n\t\t\t\t\n\t\t\t\t\n<div class=\"wp-block-image\"><figure class=\"alignleft is-resized\"><img loading=\"lazy\" decoding=\"async\" src=\"http:\/\/kostolna.fara.sk\/wp-content\/uploads\/2020\/08\/image.png\" alt=\"\" class=\"wp-image-4800\" width=\"383\" height=\"255\"\/><\/figure><\/div>\n\n\n\n<p>Z\u00e1zrak bochn\u00edkov a r\u00fdb by sa dal nazva\u0165 z\u00e1zrakom \u0161tedrosti.<br>Predov\u0161etk\u00fdm je tu kr\u00e1sna ve\u013ekorysos\u0165 chlapca, ktor\u00fd dal svojich 5 chleb\u00edkov a 2 ryby, preto\u017ee to bolo v\u0161etko, \u010do mal. Je \u013eahk\u00e9 da\u0165 nie\u010do, \u010do n\u00e1m nebude ch\u00fdba\u0165.<\/p>\n\n\n<p><!--more--><\/p>\n\n\n<p>A potom je tu Je\u017ei\u0161ova \u00fa\u017easn\u00e1 ve\u013ekorysos\u0165. Vo chv\u00edli, ke\u010f sa dozvedel, \u017ee mu zavra\u017edili pr\u00edbuzn\u00e9ho, a ke\u010f h\u013eadal miesto pokoja a ticha na druhom brehu jazera, objavil sa ve\u013ek\u00fd z\u00e1stup, ktor\u00fd na neho \u010dakal.<\/p>\n\n\n\n<p>Ve\u013ekorysos\u0165 nie je v\u017edy o rozd\u00e1van\u00ed vec\u00ed. \u010castej\u0161ie sa jedn\u00e1 o darovanie \u010dasu, energie, seba sam\u00e9ho. D\u00e1va\u0165 veci m\u00f4\u017ee by\u0165 niekedy aj pr\u00edjemn\u00e9, ke\u010f si vypraceme \u0161atn\u00edk, botn\u00edk, \u0161opu, \u0161pajzu&#8230; ve\u013eakr\u00e1t je hlavn\u00fdm mot\u00edvom spravi\u0165 si doma poriadok&#8230; Ale &#8220;da\u0165 sa&#8221; nie je nikdy \u013eahk\u00e9. Predt\u00fdm ako sa dal Je\u017ei\u0161 v Eucharistii, dal sa \u013eu\u010fom mnoh\u00fdmi sp\u00f4sobmi. V Eucharistii ochutn\u00e1vame Bo\u017eiu l\u00e1sku. D\u00f4kazom toho, \u017ee sme i my t\u00fato l\u00e1sku za\u017eili, je na\u0161a ochota milova\u0165 ostatn\u00fdch. A k tomu nemus\u00edme by\u0165 bohat\u00ed. Aj mal\u00e9 mno\u017estvo sa m\u00f4\u017ee sta\u0165 ve\u013ek\u00fdm darom, ke\u010f sa dostane do r\u00fak P\u00e1na.&nbsp;<\/p>\n\n\n\n<p>I v strede hor\u00faceho leta v\u00e1s poz\u00fdvam na spolo\u010dn\u00e9 sl\u00e1venie Eucharistie.<\/p>\n\n\n\n<p>S \u00factou, <br>Pavol Gajdo\u0161, v\u00e1\u0161 far\u00e1r<br>Kostoln\u00e1 pri Dunaji <\/p>\n\t\t\t\t","protected":false},"excerpt":{"rendered":"<p>Z\u00e1zrak bochn\u00edkov a r\u00fdb by sa dal nazva\u0165 z\u00e1zrakom \u0161tedrosti.Predov\u0161etk\u00fdm je tu kr\u00e1sna ve\u013ekorysos\u0165 chlapca, ktor\u00fd dal svojich 5 chleb\u00edkov a 2 ryby, preto\u017ee to bolo v\u0161etko, \u010do mal. Je \u013eahk\u00e9 da\u0165 nie\u010do, \u010do n\u00e1m nebude ch\u00fdba\u0165.<\/p>\n","protected":false},"author":7,"featured_media":4800,"comment_status":"closed","ping_status":"closed","sticky":false,"template":"","format":"standard","meta":{"footnotes":""},"categories":[17],"tags":[],"class_list":{"0":"entry","1":"post","2":"publish","3":"author-slado89gmail-com","4":"has-excerpt","5":"has-more-link","6":"post-4799","8":"format-standard","9":"has-post-thumbnail","10":"category-sv-omsa"},"_links":{"self":[{"href":"https:\/\/www.farakostolna.sk\/index.php?rest_route=\/wp\/v2\/posts\/4799","targetHints":{"allow":["GET"]}}],"collection":[{"href":"https:\/\/www.farakostolna.sk\/index.php?rest_route=\/wp\/v2\/posts"}],"about":[{"href":"https:\/\/www.farakostolna.sk\/index.php?rest_route=\/wp\/v2\/types\/post"}],"author":[{"embeddable":true,"href":"https:\/\/www.farakostolna.sk\/index.php?rest_route=\/wp\/v2\/users\/7"}],"replies":[{"embeddable":true,"href":"https:\/\/www.farakostolna.sk\/index.php?rest_route=%2Fwp%2Fv2%2Fcomments&post=4799"}],"version-history":[{"count":0,"href":"https:\/\/www.farakostolna.sk\/index.php?rest_route=\/wp\/v2\/posts\/4799\/revisions"}],"wp:featuredmedia":[{"embeddable":true,"href":"https:\/\/www.farakostolna.sk\/index.php?rest_route=\/"}],"wp:attachment":[{"href":"https:\/\/www.farakostolna.sk\/index.php?rest_route=%2Fwp%2Fv2%2Fmedia&parent=4799"}],"wp:term":[{"taxonomy":"category","embeddable":true,"href":"https:\/\/www.farakostolna.sk\/index.php?rest_route=%2Fwp%2Fv2%2Fcategories&post=4799"},{"taxonomy":"post_tag","embeddable":true,"href":"https:\/\/www.farakostolna.sk\/index.php?rest_route=%2Fwp%2Fv2%2Ftags&post=4799"}],"curies":[{"name":"wp","href":"https:\/\/api.w.org\/{rel}","templated":true}]}}