{"id":4793,"date":"2020-07-25T18:17:27","date_gmt":"2020-07-25T18:17:27","guid":{"rendered":"http:\/\/kostolna.fara.sk\/?p=4793"},"modified":"2020-07-25T18:17:27","modified_gmt":"2020-07-25T18:17:27","slug":"oznam-k-svatym-omsiam-26-7-2020","status":"publish","type":"post","link":"https:\/\/www.farakostolna.sk\/?p=4793","title":{"rendered":"Oznam k sv\u00e4t\u00fdm om\u0161iam 26.7.2020"},"content":{"rendered":"\n\t\t\t\t\n\t\t\t\t\n<div class=\"wp-block-image\"><figure class=\"alignleft is-resized\"><img loading=\"lazy\" decoding=\"async\" src=\"http:\/\/kostolna.fara.sk\/wp-content\/uploads\/2020\/07\/image0.jpeg\" alt=\"\" class=\"wp-image-4794\" width=\"360\" height=\"270\"\/><\/figure><\/div>\n\n\n\n<p>Predstavte si, \u017ee by ste dostali spr\u00e1vu o v\u00fdhre ve\u013ekej sumy pe\u0148az\u00ed. Celkom ur\u010dite by ste sa sna\u017eili \u010do najsk\u00f4r sa dosta\u0165 k t\u00fdmto peniazom. Preto bu\u010fme pozorn\u00ed, ke\u010f Je\u017ei\u0161 &#8211; P\u00e1n cel\u00e9ho sveta &#8211; hovor\u00ed o poklade v \u010d\u00edtan\u00ed tejto nedele.<\/p>\n\n\n<p><!--more--><\/p>\n\n\n<p>\u201eNebesk\u00e9 kr\u00e1\u013eovstvo sa podob\u00e1 pokladu ukryt\u00e9mu v poli. Ke\u010f ho \u010dlovek n\u00e1jde, pred\u00e1 v\u0161etko \u010do m\u00e1 a pole k\u00fapi.\u201c (Mt 13,44)<\/p>\n\n\n\n<p>Podobenstvo je jasn\u00e9: ak sa \u010dlovek nevzd\u00e1 v\u0161etk\u00e9ho, \u010do m\u00e1, pole nek\u00fapi. Sv\u00e4tos\u0165 vy\u017eaduje n\u00e1ro\u010dnos\u0165. Sv\u00e4tos\u0165 nie je mali\u010dkos\u0165, ale sklad\u00e1 sa z mali\u010dkost\u00ed. Ka\u017ed\u00fd de\u0148 vy\u017eaduje od n\u00e1s nie\u010do pred\u00e1va\u0165, aby sme mohli z\u00edskava\u0165 to najcennej\u0161ie. Napr\u00edklad v nede\u013eu sa bude \u017eiada\u0165, aby som sa namiesto ob\u013e\u00faben\u00e9ho telev\u00edzneho seri\u00e1lu venoval modlitbe alebo \u010d\u00edtaniu P\u00edsma \u010di inej duchovnej literat\u00fary; aby som sa zriekol svojho osobn\u00e9ho kon\u00ed\u010dka a str\u00e1vil \u010das so svojou rodinou, zahral sa so svojimi de\u0165mi; alebo nav\u0161t\u00edvil star\u00e9ho, chor\u00e9ho alebo opusten\u00e9ho&#8230;<\/p>\n\n\n\n<p>P\u00e1n n\u00e1m d\u00e1va m\u00fadros\u0165 srdca, aby sme vedeli, kde je n\u00e1\u0161 poklad a aj silu pre\u0148 sa vzd\u00e1va\u0165 v\u0161etk\u00e9ho, \u010do n\u00e1s od neho vz\u010fa\u013euje.<\/p>\n\n\n\n<p><strong>Kazate\u013eom na v\u0161etk\u00fdch sv\u00e4t\u00fdch om\u0161iach bude v nede\u013eu ICLic. Marek Sit\u00e1r, k\u0148az p\u00f4sobiaci v Bruseli.<\/strong><\/p>\n\n\n\n<p>Te\u0161\u00edme sa na v\u00e1s, <br>Pavol Gajdo\u0161, v\u00e1\u0161 far\u00e1r v Kostolnej pri Dunaji <\/p>\n\t\t\t\t","protected":false},"excerpt":{"rendered":"<p>Predstavte si, \u017ee by ste dostali spr\u00e1vu o v\u00fdhre ve\u013ekej sumy pe\u0148az\u00ed. Celkom ur\u010dite by ste sa sna\u017eili \u010do najsk\u00f4r sa dosta\u0165 k t\u00fdmto peniazom. Preto bu\u010fme pozorn\u00ed, ke\u010f Je\u017ei\u0161 &#8211; P\u00e1n cel\u00e9ho sveta &#8211; hovor\u00ed o poklade v \u010d\u00edtan\u00ed tejto nedele.<\/p>\n","protected":false},"author":7,"featured_media":4794,"comment_status":"closed","ping_status":"closed","sticky":false,"template":"","format":"standard","meta":{"footnotes":""},"categories":[17],"tags":[],"class_list":{"0":"entry","1":"post","2":"publish","3":"author-slado89gmail-com","4":"has-excerpt","5":"has-more-link","6":"post-4793","8":"format-standard","9":"has-post-thumbnail","10":"category-sv-omsa"},"_links":{"self":[{"href":"https:\/\/www.farakostolna.sk\/index.php?rest_route=\/wp\/v2\/posts\/4793","targetHints":{"allow":["GET"]}}],"collection":[{"href":"https:\/\/www.farakostolna.sk\/index.php?rest_route=\/wp\/v2\/posts"}],"about":[{"href":"https:\/\/www.farakostolna.sk\/index.php?rest_route=\/wp\/v2\/types\/post"}],"author":[{"embeddable":true,"href":"https:\/\/www.farakostolna.sk\/index.php?rest_route=\/wp\/v2\/users\/7"}],"replies":[{"embeddable":true,"href":"https:\/\/www.farakostolna.sk\/index.php?rest_route=%2Fwp%2Fv2%2Fcomments&post=4793"}],"version-history":[{"count":0,"href":"https:\/\/www.farakostolna.sk\/index.php?rest_route=\/wp\/v2\/posts\/4793\/revisions"}],"wp:featuredmedia":[{"embeddable":true,"href":"https:\/\/www.farakostolna.sk\/index.php?rest_route=\/"}],"wp:attachment":[{"href":"https:\/\/www.farakostolna.sk\/index.php?rest_route=%2Fwp%2Fv2%2Fmedia&parent=4793"}],"wp:term":[{"taxonomy":"category","embeddable":true,"href":"https:\/\/www.farakostolna.sk\/index.php?rest_route=%2Fwp%2Fv2%2Fcategories&post=4793"},{"taxonomy":"post_tag","embeddable":true,"href":"https:\/\/www.farakostolna.sk\/index.php?rest_route=%2Fwp%2Fv2%2Ftags&post=4793"}],"curies":[{"name":"wp","href":"https:\/\/api.w.org\/{rel}","templated":true}]}}