{"id":4784,"date":"2020-07-19T20:15:39","date_gmt":"2020-07-19T20:15:39","guid":{"rendered":"http:\/\/kostolna.fara.sk\/?p=4784"},"modified":"2020-07-19T20:15:39","modified_gmt":"2020-07-19T20:15:39","slug":"kazne-od-vzacneho-hosta-mons-thdr-jana-majernika","status":"publish","type":"post","link":"https:\/\/www.farakostolna.sk\/?p=4784","title":{"rendered":"K\u00e1zne od vz\u00e1cneho hos\u0165a Mons. ThDr. J\u00e1na Majern\u00edka"},"content":{"rendered":"\n\t\t\t\t\n\t\t\t\t\n<div class=\"wp-block-image\"><figure class=\"alignleft is-resized\"><img loading=\"lazy\" decoding=\"async\" src=\"http:\/\/kostolna.fara.sk\/wp-content\/uploads\/2019\/02\/81TfzYcaglL._SL1497_-1024x1010.jpg\" alt=\"\" class=\"wp-image-3868\" width=\"256\" height=\"253\"\/><\/figure><\/div>\n\n\n\n<p>Prin\u00e1\u0161ame V\u00e1m k\u00e1zne od vz\u00e1cneho hos\u0165a Mons. ThDr. J\u00e1na Majern\u00edka, ktor\u00fd celebroval sv. om\u0161e v nede\u013eu 19.7.2020 o 9.30 a 11.00 v na\u0161om farskom kostole v Kostolnej pri Dunaji. Obe k\u00e1zne s\u00fa v slovenskom jazyku.<\/p>\n\n\n<p><!--more--><\/p>\n\n\n<p><a href=\"https:\/\/drive.google.com\/file\/d\/1YEkeJ-5V_Kj6BjtARdgQrYkpcM8kUzKa\/view?usp=drivesdk\">K\u00e1ze\u0148 o 9.30<\/a><br><a href=\"https:\/\/drive.google.com\/file\/d\/197HyN24UaxlPSRxGeQOeAVOfXBkUaJPK\/view?usp=drivesdk\">K\u00e1ze\u0148 o 11.00<\/a><\/p>\n\t\t\t\t","protected":false},"excerpt":{"rendered":"<p>Prin\u00e1\u0161ame V\u00e1m k\u00e1zne od vz\u00e1cneho hos\u0165a Mons. ThDr. J\u00e1na Majern\u00edka, ktor\u00fd celebroval sv. om\u0161e v nede\u013eu 19.7.2020 o 9.30 a 11.00 v na\u0161om farskom kostole v Kostolnej pri Dunaji. Obe k\u00e1zne s\u00fa v slovenskom jazyku.<\/p>\n","protected":false},"author":7,"featured_media":3868,"comment_status":"closed","ping_status":"closed","sticky":false,"template":"","format":"standard","meta":{"footnotes":""},"categories":[17],"tags":[],"class_list":{"0":"entry","1":"post","2":"publish","3":"author-slado89gmail-com","4":"has-excerpt","5":"has-more-link","6":"post-4784","8":"format-standard","9":"has-post-thumbnail","10":"category-sv-omsa"},"_links":{"self":[{"href":"https:\/\/www.farakostolna.sk\/index.php?rest_route=\/wp\/v2\/posts\/4784","targetHints":{"allow":["GET"]}}],"collection":[{"href":"https:\/\/www.farakostolna.sk\/index.php?rest_route=\/wp\/v2\/posts"}],"about":[{"href":"https:\/\/www.farakostolna.sk\/index.php?rest_route=\/wp\/v2\/types\/post"}],"author":[{"embeddable":true,"href":"https:\/\/www.farakostolna.sk\/index.php?rest_route=\/wp\/v2\/users\/7"}],"replies":[{"embeddable":true,"href":"https:\/\/www.farakostolna.sk\/index.php?rest_route=%2Fwp%2Fv2%2Fcomments&post=4784"}],"version-history":[{"count":0,"href":"https:\/\/www.farakostolna.sk\/index.php?rest_route=\/wp\/v2\/posts\/4784\/revisions"}],"wp:featuredmedia":[{"embeddable":true,"href":"https:\/\/www.farakostolna.sk\/index.php?rest_route=\/"}],"wp:attachment":[{"href":"https:\/\/www.farakostolna.sk\/index.php?rest_route=%2Fwp%2Fv2%2Fmedia&parent=4784"}],"wp:term":[{"taxonomy":"category","embeddable":true,"href":"https:\/\/www.farakostolna.sk\/index.php?rest_route=%2Fwp%2Fv2%2Fcategories&post=4784"},{"taxonomy":"post_tag","embeddable":true,"href":"https:\/\/www.farakostolna.sk\/index.php?rest_route=%2Fwp%2Fv2%2Ftags&post=4784"}],"curies":[{"name":"wp","href":"https:\/\/api.w.org\/{rel}","templated":true}]}}