{"id":4781,"date":"2020-07-18T18:36:19","date_gmt":"2020-07-18T18:36:19","guid":{"rendered":"http:\/\/kostolna.fara.sk\/?p=4781"},"modified":"2020-07-18T18:36:19","modified_gmt":"2020-07-18T18:36:19","slug":"oznam-k-svatym-omsiam-19-7-2020","status":"publish","type":"post","link":"https:\/\/www.farakostolna.sk\/?p=4781","title":{"rendered":"Oznam k sv\u00e4t\u00fdm om\u0161iam 19.7.2020"},"content":{"rendered":"\n\t\t\t\t\n\t\t\t\t\n<div class=\"wp-block-image\"><figure class=\"alignleft is-resized\"><img loading=\"lazy\" decoding=\"async\" src=\"http:\/\/kostolna.fara.sk\/wp-content\/uploads\/2020\/07\/image1.jpeg\" alt=\"\" class=\"wp-image-4782\" width=\"300\" height=\"400\"\/><\/figure><\/div>\n\n\n\n<p>Vo svete \u010dasto bad\u00e1me, \u017ee zl\u00fdm \u013eu\u010fom sa dobre dar\u00ed. U\u017e staroz\u00e1konn\u00fd \u010dlovek mal tak\u00fato sk\u00fasenos\u0165, \u017ee bezbo\u017en\u00ed v\u0161etko maj\u00fa, k\u00fdm spravodliv\u00fd \u010dasto nevinne trp\u00ed. Niekedy sme aj my v poku\u0161en\u00ed si myslie\u0165, \u017ee sa azda oplat\u00ed \u017ei\u0165 bezbo\u017ene. Lebo ako sa Boh m\u00f4\u017ee pozera\u0165 na to, \u017ee hrie\u0161nikom sa \u017eije lep\u0161ie?!<\/p>\n\n\n<p><!--more--><\/p>\n\n\n<p>\u201eNechajte oboje r\u00e1s\u0165 a\u017e do \u017eatvy. V \u010dase \u017eatvy poviem \u017eencom: Pozbierajte najprv k\u00fako\u013e a povia\u017ete ho do snopov na sp\u00e1lenie, ale p\u0161enicu zhroma\u017edite do mojej stodoly.\u201c<\/p>\n\n\n\n<p>Podobenstvo o p\u0161enici a k\u00fakoli z tejto nedele, n\u00e1m pripom\u00edna, aby sme re\u0161pektovali Bo\u017eiu zhovievavos\u0165. Varuje n\u00e1s pred t\u00fdm, aby sme \u201cvytrh\u00e1vali\u201c, to znamen\u00e1 posudzovania a odsudzovania. Boh vo svojom milosrdenstve nechce smr\u0165 hrie\u0161nika, ale aby sa napravil a \u017eil. Boh svojou milos\u0165ou dok\u00e1\u017ee to, \u010do si \u013eudsky nevieme predstavi\u0165: zmeni\u0165 k\u00fako\u013e na p\u0161enicu. Keby Boh nebol zhovievav\u00fd k hrie\u0161nikovi, nemali by sme sv\u00e4t\u00e9ho Mat\u00fa\u0161a, Pavla, August\u00edna; a keby s nami tvrdo zaobch\u00e1dzal, tie\u017e by sme tu u\u017e neboli.<\/p>\n\n\n\n<p>Na konci bude \u017eatva, ktor\u00e1 zna\u010d\u00ed de\u0148 s\u00fadu, \u010das definit\u00edvneho triumfovania dobra nad zlom. Boh nenech\u00e1 zlo nepotrestan\u00e9: Boh zasahuje proti zlu, a preto mus\u00ed ako sudca aj tresta\u0165, aby dal zavl\u00e1dnu\u0165 spravodlivosti; v Bo\u017eom treste je Bo\u017eia spravodlivos\u0165. \u017dalmista vol\u00e1 o hrie\u0161nikoch, \u017ee ich domy sa stan\u00fa ich hrobmi, lebo si svoje domy vybudovali na \u00fakor bed\u00e1rov a sv\u00e4t\u00fd Jakub kon\u0161tatuje, \u017ee ich vypasen\u00e9 tel\u00e1 si sami takto pripravili na de\u0148 zak\u00e1\u013ea\u010dky.<br><\/p>\n\n\n\n<p>Ke\u010f si uvedom\u00edme, ako skon\u010d\u00ed k\u00fako\u013e, nem\u00e1me teda \u010do z\u00e1vidie\u0165 zl\u00fdm. Uv\u00e1\u017eme naviac aj to, \u017ee keby sa tu na zemi mal hrie\u0161nik \u010do ako dobre, zah\u00e1\u0148aj\u00fac v\u00fd\u010ditky svedomia alkoholom, h\u00fdren\u00edm, z\u00e1bavami, st\u00e1le e\u0161te nem\u00e1 v\u0161etko, nikdy nebude ma\u0165 pokoj srdca.<\/p>\n\n\n\n<p>Vytrvajme v dobrom a ako p\u0161enica prin\u00e1\u0161ajme \u00farodu dobr\u00fdch skutkov.<\/p>\n\n\n\n<p><strong>V t\u00fato nede\u013eu bude v na\u0161ej farnosti pri v\u0161etk\u00fdch sv\u00e4t\u00fdch om\u0161iach vz\u00e1cnym hos\u0165om Mons. ThDr. J\u00e1n Majern\u00edk, k\u0148az, biblista a dlhoro\u010dn\u00fd sprievodca p\u00fat\u00ed najm\u00e4 po Sv\u00e4tej zemi, ale i po celom svete. <\/strong>Ver\u00edm, \u017ee jeho pr\u00edhovor a n\u00e1v\u0161teva bude pre n\u00e1s v\u0161etk\u00fdch pr\u00edjemn\u00fdm duchovn\u00fdm obohaten\u00edm.<br><br>Te\u0161\u00edme sa na v\u00e1s.<br><br>Pavol Gajdo\u0161, v\u00e1\u0161 far\u00e1r<br><\/p>\n\t\t\t\t","protected":false},"excerpt":{"rendered":"<p>Vo svete \u010dasto bad\u00e1me, \u017ee zl\u00fdm \u013eu\u010fom sa dobre dar\u00ed. U\u017e staroz\u00e1konn\u00fd \u010dlovek mal tak\u00fato sk\u00fasenos\u0165, \u017ee bezbo\u017en\u00ed v\u0161etko maj\u00fa, k\u00fdm spravodliv\u00fd \u010dasto nevinne trp\u00ed. Niekedy sme aj my v poku\u0161en\u00ed si myslie\u0165, \u017ee sa azda oplat\u00ed \u017ei\u0165 bezbo\u017ene. Lebo ako sa Boh m\u00f4\u017ee pozera\u0165 na to, \u017ee hrie\u0161nikom sa \u017eije lep\u0161ie?!<\/p>\n","protected":false},"author":6,"featured_media":4782,"comment_status":"closed","ping_status":"closed","sticky":false,"template":"","format":"standard","meta":{"footnotes":""},"categories":[17],"tags":[],"class_list":{"0":"entry","1":"post","2":"publish","3":"author-palszm-sk","4":"has-excerpt","5":"has-more-link","6":"post-4781","8":"format-standard","9":"has-post-thumbnail","10":"category-sv-omsa"},"_links":{"self":[{"href":"https:\/\/www.farakostolna.sk\/index.php?rest_route=\/wp\/v2\/posts\/4781","targetHints":{"allow":["GET"]}}],"collection":[{"href":"https:\/\/www.farakostolna.sk\/index.php?rest_route=\/wp\/v2\/posts"}],"about":[{"href":"https:\/\/www.farakostolna.sk\/index.php?rest_route=\/wp\/v2\/types\/post"}],"author":[{"embeddable":true,"href":"https:\/\/www.farakostolna.sk\/index.php?rest_route=\/wp\/v2\/users\/6"}],"replies":[{"embeddable":true,"href":"https:\/\/www.farakostolna.sk\/index.php?rest_route=%2Fwp%2Fv2%2Fcomments&post=4781"}],"version-history":[{"count":0,"href":"https:\/\/www.farakostolna.sk\/index.php?rest_route=\/wp\/v2\/posts\/4781\/revisions"}],"wp:featuredmedia":[{"embeddable":true,"href":"https:\/\/www.farakostolna.sk\/index.php?rest_route=\/"}],"wp:attachment":[{"href":"https:\/\/www.farakostolna.sk\/index.php?rest_route=%2Fwp%2Fv2%2Fmedia&parent=4781"}],"wp:term":[{"taxonomy":"category","embeddable":true,"href":"https:\/\/www.farakostolna.sk\/index.php?rest_route=%2Fwp%2Fv2%2Fcategories&post=4781"},{"taxonomy":"post_tag","embeddable":true,"href":"https:\/\/www.farakostolna.sk\/index.php?rest_route=%2Fwp%2Fv2%2Ftags&post=4781"}],"curies":[{"name":"wp","href":"https:\/\/api.w.org\/{rel}","templated":true}]}}