{"id":4760,"date":"2020-07-04T21:14:16","date_gmt":"2020-07-04T21:14:16","guid":{"rendered":"http:\/\/kostolna.fara.sk\/?p=4760"},"modified":"2020-07-04T21:14:16","modified_gmt":"2020-07-04T21:14:16","slug":"oznam-k-svatym-omsiam-5-7-2020","status":"publish","type":"post","link":"https:\/\/www.farakostolna.sk\/?p=4760","title":{"rendered":"Oznam k sv\u00e4t\u00fdm om\u0161iam 5.7.2020"},"content":{"rendered":"\n\t\t\t\t\n\t\t\t\t\n<div class=\"wp-block-image\"><figure class=\"alignleft is-resized\"><img loading=\"lazy\" decoding=\"async\" src=\"http:\/\/kostolna.fara.sk\/wp-content\/uploads\/2020\/07\/PHOTO-2020-07-04-21-36-08_2-1024x768.jpg\" alt=\"\" class=\"wp-image-4761\" width=\"323\" height=\"242\"\/><\/figure><\/div>\n\n\n\n<p>Mil\u00ed priatelia, azda ka\u017ed\u00fd z n\u00e1s sa te\u0161\u00ed na svoje narodeniny. A te\u0161\u00edme sa na oslavu naroden\u00edn na\u0161ich drah\u00fdch. V t\u00fato nede\u013eu, 5. j\u00fala, je sl\u00e1vnos\u0165ou n\u00e1s v\u0161etk\u00fdch, ve\u010f oslavujeme narodeniny viery na na\u0161om \u00fazem\u00ed. <\/p>\n\n\n<p><!--more--><\/p>\n\n\n<p>K dedi\u010dstvu sv\u00e4t\u00fdch vierozvestov sme sa na Slovensku prihl\u00e1sili aj v preambule \u00dastavy SR. \u010co je ovoc\u00edm sv\u00e4t\u00e9ho Cyrila a Metoda pre n\u00e1s? Z historick\u00fdch artefaktov sem patr\u00ed vystavanie n\u00e1dhern\u00fdch kostolov, v\u00fdtvarn\u00e9 umenie ikon, a tie\u017e zrod rozli\u010dn\u00fdch p\u00edsomnost\u00ed nevy\u010d\u00edslite\u013enej hodnoty. Ale je to aj nehmatate\u013en\u00e9 dedi\u010dstvo, kres\u0165ansk\u00fd sp\u00f4sob \u017eivota. Samotn\u00e9 slovo kult\u00fara je odveden\u00e9 od kultu, teda n\u00e1bo\u017eenstva, no a skuto\u010dne, keby sa odstr\u00e1nili v\u0161etky kres\u0165ansk\u00e9 pamiatky, \u010do kult\u00farne by n\u00e1m tu ostalo?! Je\u017ei\u0161 n\u00e1s v evanjeliu priamo vyz\u00fdva, aby sme &#8220;zachovali v\u0161etko&#8221;, \u010do n\u00e1m prik\u00e1zal. (porov. Mt 28,19) Dostali sme ve\u013ek\u00fd poklad a z\u00e1le\u017e\u00ed len na n\u00e1s, \u010di si ho uchr\u00e1nime pre \u0161\u0165astn\u00fa bud\u00facnos\u0165 rod\u00edn a \u013eudstva!<\/p>\n\n\n\n<p>P O Z V \u00c1 N K A !<br>Sv\u00e4t\u00e9 om\u0161e bude v Kostolnej spevom tentoraz sprev\u00e1dza\u0165 aj opern\u00fd (nevidiaci) spev\u00e1k, maestro Maro\u0161 Banga, ktor\u00fd prid\u00e1 po sv\u00e4t\u00fdch om\u0161iach (9:30 ma\u010farsky a 11:00 slovensky) aj kr\u00e1tky koncert. Za\u010dujeme spolu diela hudobn\u00fdch velik\u00e1nov Andrea Boccelliho, Karola Ducho\u0148 \u010fal\u0161\u00edch.<br>Pr\u00ed\u010fte sa duchovne posilni\u0165 a povzbudi\u0165. Parkovanie na farskom dvore od cesty na Kr\u00e1\u013eov\u00fa je zabezpe\u010den\u00e9. \u010cak\u00e1me v\u00e1s.<br><br>S \u00factou, <br>Pavol Gajdo\u0161, far\u00e1r. <\/p>\n\n\n\n<figure class=\"wp-block-image\"><img decoding=\"async\" src=\"http:\/\/kostolna.fara.sk\/wp-content\/uploads\/2020\/07\/PHOTO-2020-07-04-21-36-08_1-768x1024.jpg\" alt=\"\" class=\"wp-image-4762\"\/><\/figure>\n\n\n\n<figure class=\"wp-block-image\"><img decoding=\"async\" src=\"http:\/\/kostolna.fara.sk\/wp-content\/uploads\/2020\/07\/PHOTO-2020-07-04-21-36-07-1024x768.jpg\" alt=\"\" class=\"wp-image-4763\"\/><\/figure>\n\n\n\n<figure class=\"wp-block-image\"><img decoding=\"async\" src=\"http:\/\/kostolna.fara.sk\/wp-content\/uploads\/2020\/07\/PHOTO-2020-07-04-21-36-08-1-1024x768.jpg\" alt=\"\" class=\"wp-image-4765\"\/><\/figure>\n\t\t\t\t","protected":false},"excerpt":{"rendered":"<p>Mil\u00ed priatelia, azda ka\u017ed\u00fd z n\u00e1s sa te\u0161\u00ed na svoje narodeniny. A te\u0161\u00edme sa na oslavu naroden\u00edn na\u0161ich drah\u00fdch. V t\u00fato nede\u013eu, 5. j\u00fala, je sl\u00e1vnos\u0165ou n\u00e1s v\u0161etk\u00fdch, ve\u010f oslavujeme narodeniny viery na na\u0161om \u00fazem\u00ed.<\/p>\n","protected":false},"author":7,"featured_media":4761,"comment_status":"closed","ping_status":"closed","sticky":false,"template":"","format":"standard","meta":{"footnotes":""},"categories":[4,17],"tags":[],"class_list":{"0":"entry","1":"post","2":"publish","3":"author-slado89gmail-com","4":"has-excerpt","5":"has-more-link","6":"post-4760","8":"format-standard","9":"has-post-thumbnail","10":"category-akcie","11":"category-sv-omsa"},"_links":{"self":[{"href":"https:\/\/www.farakostolna.sk\/index.php?rest_route=\/wp\/v2\/posts\/4760","targetHints":{"allow":["GET"]}}],"collection":[{"href":"https:\/\/www.farakostolna.sk\/index.php?rest_route=\/wp\/v2\/posts"}],"about":[{"href":"https:\/\/www.farakostolna.sk\/index.php?rest_route=\/wp\/v2\/types\/post"}],"author":[{"embeddable":true,"href":"https:\/\/www.farakostolna.sk\/index.php?rest_route=\/wp\/v2\/users\/7"}],"replies":[{"embeddable":true,"href":"https:\/\/www.farakostolna.sk\/index.php?rest_route=%2Fwp%2Fv2%2Fcomments&post=4760"}],"version-history":[{"count":0,"href":"https:\/\/www.farakostolna.sk\/index.php?rest_route=\/wp\/v2\/posts\/4760\/revisions"}],"wp:featuredmedia":[{"embeddable":true,"href":"https:\/\/www.farakostolna.sk\/index.php?rest_route=\/"}],"wp:attachment":[{"href":"https:\/\/www.farakostolna.sk\/index.php?rest_route=%2Fwp%2Fv2%2Fmedia&parent=4760"}],"wp:term":[{"taxonomy":"category","embeddable":true,"href":"https:\/\/www.farakostolna.sk\/index.php?rest_route=%2Fwp%2Fv2%2Fcategories&post=4760"},{"taxonomy":"post_tag","embeddable":true,"href":"https:\/\/www.farakostolna.sk\/index.php?rest_route=%2Fwp%2Fv2%2Ftags&post=4760"}],"curies":[{"name":"wp","href":"https:\/\/api.w.org\/{rel}","templated":true}]}}