{"id":4755,"date":"2020-06-28T19:38:08","date_gmt":"2020-06-28T19:38:08","guid":{"rendered":"http:\/\/kostolna.fara.sk\/?p=4755"},"modified":"2020-06-28T19:38:08","modified_gmt":"2020-06-28T19:38:08","slug":"moja-misia-na-tv-lux-s-nasim-panom-fararom","status":"publish","type":"post","link":"https:\/\/www.farakostolna.sk\/?p=4755","title":{"rendered":"Moja misia na TV Lux s na\u0161im p\u00e1nom far\u00e1rom"},"content":{"rendered":"\n\t\t\t\t\n\t\t\t\t\n<div class=\"wp-block-image\"><figure class=\"alignleft\"><img decoding=\"async\" src=\"http:\/\/kostolna.fara.sk\/wp-content\/uploads\/2019\/02\/81TfzYcaglL._SL1497_-300x296.jpg\" alt=\"\" class=\"wp-image-3868\"\/><\/figure><\/div>\n\n\n\n<p>Prin\u00e1\u0161ame V\u00e1m z\u00e1znam z cyklu Moja misia, ktor\u00fd vysiela telev\u00edzia TV Lux. Tentokr\u00e1t bol v nej hos\u0165om n\u00e1\u0161 p\u00e1n far\u00e1r.<\/p>\n\n\n\n<p>Video je dostupn\u00e9 <a href=\"https:\/\/www.tvlux.sk\/archiv\/play\/23447\">na tejto adrese.<\/a><\/p>\n\t\t\t\t","protected":false},"excerpt":{"rendered":"<p>Prin\u00e1\u0161ame V\u00e1m z\u00e1znam z cyklu Moja misia, ktor\u00fd vysiela telev\u00edzia TV Lux. Tentokr\u00e1t bol v nej hos\u0165om n\u00e1\u0161 p\u00e1n far\u00e1r. Video je dostupn\u00e9 na tejto adrese.<\/p>\n","protected":false},"author":7,"featured_media":3868,"comment_status":"closed","ping_status":"closed","sticky":false,"template":"","format":"standard","meta":{"footnotes":""},"categories":[5],"tags":[],"class_list":{"0":"entry","1":"post","2":"publish","3":"author-slado89gmail-com","4":"has-excerpt","5":"post-4755","7":"format-standard","8":"has-post-thumbnail","9":"category-aktuality"},"_links":{"self":[{"href":"https:\/\/www.farakostolna.sk\/index.php?rest_route=\/wp\/v2\/posts\/4755","targetHints":{"allow":["GET"]}}],"collection":[{"href":"https:\/\/www.farakostolna.sk\/index.php?rest_route=\/wp\/v2\/posts"}],"about":[{"href":"https:\/\/www.farakostolna.sk\/index.php?rest_route=\/wp\/v2\/types\/post"}],"author":[{"embeddable":true,"href":"https:\/\/www.farakostolna.sk\/index.php?rest_route=\/wp\/v2\/users\/7"}],"replies":[{"embeddable":true,"href":"https:\/\/www.farakostolna.sk\/index.php?rest_route=%2Fwp%2Fv2%2Fcomments&post=4755"}],"version-history":[{"count":0,"href":"https:\/\/www.farakostolna.sk\/index.php?rest_route=\/wp\/v2\/posts\/4755\/revisions"}],"wp:featuredmedia":[{"embeddable":true,"href":"https:\/\/www.farakostolna.sk\/index.php?rest_route=\/"}],"wp:attachment":[{"href":"https:\/\/www.farakostolna.sk\/index.php?rest_route=%2Fwp%2Fv2%2Fmedia&parent=4755"}],"wp:term":[{"taxonomy":"category","embeddable":true,"href":"https:\/\/www.farakostolna.sk\/index.php?rest_route=%2Fwp%2Fv2%2Fcategories&post=4755"},{"taxonomy":"post_tag","embeddable":true,"href":"https:\/\/www.farakostolna.sk\/index.php?rest_route=%2Fwp%2Fv2%2Ftags&post=4755"}],"curies":[{"name":"wp","href":"https:\/\/api.w.org\/{rel}","templated":true}]}}