{"id":4748,"date":"2020-06-28T05:25:43","date_gmt":"2020-06-28T05:25:43","guid":{"rendered":"http:\/\/kostolna.fara.sk\/?p=4748"},"modified":"2020-06-28T05:25:43","modified_gmt":"2020-06-28T05:25:43","slug":"oznam-k-svatym-omsiam-28-6-2020","status":"publish","type":"post","link":"https:\/\/www.farakostolna.sk\/?p=4748","title":{"rendered":"Oznam k sv\u00e4t\u00fdm om\u0161iam 28.6.2020"},"content":{"rendered":"\n\t\t\t\t\n\t\t\t\t\n<div class=\"wp-block-image\"><figure class=\"alignleft is-resized\"><img loading=\"lazy\" decoding=\"async\" src=\"http:\/\/kostolna.fara.sk\/wp-content\/uploads\/2020\/06\/image2-1024x768.jpeg\" alt=\"\" class=\"wp-image-4749\" width=\"438\" height=\"329\"\/><\/figure><\/div>\n\n\n\n<p>Nekompromisn\u00e1 n\u00e1ro\u010dnos\u0165 Je\u017ei\u0161ovho nasledovania sa ukazuje aj dnes. Je\u017ei\u0161 n\u00e1s vyz\u00fdva, aby sme mu dali prednos\u0165 pred v\u0161etk\u00fdm. &#8220;Kto miluje otca, matku, syna, alebo dc\u00e9ru viac ako m\u0148a, nie je m\u00e1 hoden.&#8221; (porov. Mt 10, 37) Nepreh\u00e1\u0148a to Je\u017ei\u0161? Nie je to u\u017e prive\u013ea?<\/p>\n\n\n<p><!--more--><\/p>\n\n\n<p>Je d\u00f4le\u017eit\u00e9 spr\u00e1vne pochopi\u0165 jeho po\u017eiadavku, \u017ee n\u00e1s nechce trha\u0165 od na\u0161ich rod\u00edn. Ak ale bude v rebr\u00ed\u010dku na\u0161ich hodn\u00f4t na prvom mieste On, tak potom v\u0161etko ostatn\u00e9 bude na spr\u00e1vnom mieste. V\u0161etk\u00fdch \u013eud\u00ed, aj t\u00fdch pre n\u00e1s najdrah\u0161\u00edch, milujme v \u0147om a pre Neho a to bude ve\u013ek\u00fdm obohaten\u00edm pre n\u00e1s i na\u0161ich bl\u00edzkych.<\/p>\n\n\n\n<p>Sv\u00e4t\u00e9 om\u0161e s\u00fa v Kostolnej dnes 28. j\u00fana vonku na farskom dvore. (9:30 v ma\u010farskom a 11:00 v slovenskom jazyku). Kto sa ob\u00e1va ostr\u00e9ho slnka, alebo tepla a uprednostn\u00ed chl\u00e1dok a t\u00f4\u0148 P\u00e1novho domu, bude m\u00f4c\u0165 pre\u017ei\u0165 cel\u00fa sv\u00e4t\u00fa om\u0161u v ozvu\u010denom chr\u00e1me.<\/p>\n\n\n\n<p>V slovenskom jazyku bude &#8220;rodinn\u00e1 sv\u00e4t\u00e1 om\u0161a&#8221; k z\u00e1veru \u0161kolsk\u00e9ho roka, tzv. TE DEUM, ktorou sa po\u010fakujeme za v\u0161etky milosti a dary, ktor\u00fdch sa n\u00e1m dostalo. Napr\u00edklad aj zato, \u017ee sa v utorok na detskom ihrisku v Hrubom \u0160\u00fare nikomu ni\u010d nestalo, ke\u010f sa po zhruba 50 rokoch prepadla 100 kub\u00edkov\u00e1 \u017eumpa, hoci kr\u00e1tko predt\u00fdm sa na samotnom mieste hrali deti z celej \u0161k\u00f4lky&#8230; Ufff. \u00c1no. A \u010do v\u0161etko e\u0161te nevieme&#8230; Pred \u010d\u00edm v\u0161etk\u00fdm sme boli uchr\u00e1nen\u00ed&#8230; M\u00e1me za\u010do \u010fakova\u0165. Pr\u00ed\u010fme, spolo\u010dne osl\u00e1vme Boha za v\u0161etky jeho dobrodenia.<\/p>\n\n\n\n<p>Deti bud\u00fa prin\u00e1\u0161a\u0165 obetn\u00e9 dary, na pln\u00e9 hrdlo zaspieva a zahraje n\u00e1\u0161 spev\u00e1cky zbor. Parkovanie na farskej z\u00e1hrade od cesty na Kr\u00e1\u013eov\u00fa a toaleta pri kostole je u\u017e samozrejmos\u0165ou.<br><br>Te\u0161\u00edme sa na v\u00e1s.<br>Pavol Gajdo\u0161, v\u00e1\u0161 far\u00e1r<br><\/p>\n\n\n\n<figure class=\"wp-block-image\"><img decoding=\"async\" src=\"http:\/\/kostolna.fara.sk\/wp-content\/uploads\/2020\/06\/image1-1024x517.jpeg\" alt=\"\" class=\"wp-image-4753\"\/><\/figure>\n\n\n\n<figure class=\"wp-block-image\"><img decoding=\"async\" src=\"http:\/\/kostolna.fara.sk\/wp-content\/uploads\/2020\/06\/image0-1024x768.jpeg\" alt=\"\" class=\"wp-image-4751\"\/><\/figure>\n\t\t\t\t","protected":false},"excerpt":{"rendered":"<p>Nekompromisn\u00e1 n\u00e1ro\u010dnos\u0165 Je\u017ei\u0161ovho nasledovania sa ukazuje aj dnes. Je\u017ei\u0161 n\u00e1s vyz\u00fdva, aby sme mu dali prednos\u0165 pred v\u0161etk\u00fdm. &#8220;Kto miluje otca, matku, syna, alebo dc\u00e9ru viac ako m\u0148a, nie je m\u00e1 hoden.&#8221; (porov. Mt 10, 37) Nepreh\u00e1\u0148a to Je\u017ei\u0161? Nie je to u\u017e prive\u013ea?<\/p>\n","protected":false},"author":6,"featured_media":4749,"comment_status":"closed","ping_status":"closed","sticky":false,"template":"","format":"standard","meta":{"footnotes":""},"categories":[17],"tags":[],"class_list":{"0":"entry","1":"post","2":"publish","3":"author-palszm-sk","4":"has-excerpt","5":"has-more-link","6":"post-4748","8":"format-standard","9":"has-post-thumbnail","10":"category-sv-omsa"},"_links":{"self":[{"href":"https:\/\/www.farakostolna.sk\/index.php?rest_route=\/wp\/v2\/posts\/4748","targetHints":{"allow":["GET"]}}],"collection":[{"href":"https:\/\/www.farakostolna.sk\/index.php?rest_route=\/wp\/v2\/posts"}],"about":[{"href":"https:\/\/www.farakostolna.sk\/index.php?rest_route=\/wp\/v2\/types\/post"}],"author":[{"embeddable":true,"href":"https:\/\/www.farakostolna.sk\/index.php?rest_route=\/wp\/v2\/users\/6"}],"replies":[{"embeddable":true,"href":"https:\/\/www.farakostolna.sk\/index.php?rest_route=%2Fwp%2Fv2%2Fcomments&post=4748"}],"version-history":[{"count":0,"href":"https:\/\/www.farakostolna.sk\/index.php?rest_route=\/wp\/v2\/posts\/4748\/revisions"}],"wp:featuredmedia":[{"embeddable":true,"href":"https:\/\/www.farakostolna.sk\/index.php?rest_route=\/"}],"wp:attachment":[{"href":"https:\/\/www.farakostolna.sk\/index.php?rest_route=%2Fwp%2Fv2%2Fmedia&parent=4748"}],"wp:term":[{"taxonomy":"category","embeddable":true,"href":"https:\/\/www.farakostolna.sk\/index.php?rest_route=%2Fwp%2Fv2%2Fcategories&post=4748"},{"taxonomy":"post_tag","embeddable":true,"href":"https:\/\/www.farakostolna.sk\/index.php?rest_route=%2Fwp%2Fv2%2Ftags&post=4748"}],"curies":[{"name":"wp","href":"https:\/\/api.w.org\/{rel}","templated":true}]}}