{"id":4743,"date":"2020-06-27T13:20:11","date_gmt":"2020-06-27T13:20:11","guid":{"rendered":"http:\/\/kostolna.fara.sk\/?p=4743"},"modified":"2020-06-27T13:20:11","modified_gmt":"2020-06-27T13:20:11","slug":"vystupenie-marosa-bangu","status":"publish","type":"post","link":"https:\/\/www.farakostolna.sk\/?p=4743","title":{"rendered":"Vyst\u00fapenie Maro\u0161a Bangu \/"},"content":{"rendered":"\n\t\t\t\t\n\t\t\t\t\n<div class=\"wp-block-image\"><figure class=\"alignleft is-resized\"><img loading=\"lazy\" decoding=\"async\" src=\"http:\/\/kostolna.fara.sk\/wp-content\/uploads\/2020\/06\/V\u00fdst\u0159i\u017eek-212x300.png\" alt=\"\" class=\"wp-image-4744\" width=\"274\" height=\"388\"\/><\/figure><\/div>\n\n\n\n<p>Bud\u00facu nede\u013eu medzi n\u00e1s pr\u00edde Maro\u0161 Banga, nevidiaci spev\u00e1k, ktor\u00fd bude spieva\u0165 pri sv\u00e4t\u00fdch om\u0161iach v Kostolnej o 9:30 a 11:00. Po om\u0161iach bude i kr\u00e1tky koncert. Koncert bude bezplatn\u00fd, ale bude mo\u017en\u00e9 prispie\u0165 dobrovo\u013en\u00fd pr\u00edspevok. <\/p>\n\n\n<p><!--more--><\/p>\n\n\n<p>A j\u00f6v\u0151 vas\u00e1rnap Maro\u0161 Banga vak \u00e9nekes l\u00e1togat el Egyh\u00e1zf\u00e1ra \u00e9s \u00e9nekel a szentmis\u00e9ken. A 11-es mise ut\u00e1n r\u00f6vid koncertet is ad a templomban. A koncert d\u00edjtalan, de lesz lehet\u0151s\u00e9g tetsz\u0151leges \u00f6sszeget adom\u00e1nyozni.  <\/p>\n\t\t\t\t","protected":false},"excerpt":{"rendered":"<p>Bud\u00facu nede\u013eu medzi n\u00e1s pr\u00edde Maro\u0161 Banga, nevidiaci spev\u00e1k, ktor\u00fd bude spieva\u0165 pri sv\u00e4t\u00fdch om\u0161iach v Kostolnej o 9:30 a 11:00. Po om\u0161iach bude i kr\u00e1tky koncert. Koncert bude bezplatn\u00fd, ale bude mo\u017en\u00e9 prispie\u0165 dobrovo\u013en\u00fd pr\u00edspevok.<\/p>\n","protected":false},"author":7,"featured_media":4744,"comment_status":"closed","ping_status":"closed","sticky":false,"template":"","format":"standard","meta":{"footnotes":""},"categories":[5,17],"tags":[],"class_list":{"0":"entry","1":"post","2":"publish","3":"author-slado89gmail-com","4":"has-excerpt","5":"has-more-link","6":"post-4743","8":"format-standard","9":"has-post-thumbnail","10":"category-aktuality","11":"category-sv-omsa"},"_links":{"self":[{"href":"https:\/\/www.farakostolna.sk\/index.php?rest_route=\/wp\/v2\/posts\/4743","targetHints":{"allow":["GET"]}}],"collection":[{"href":"https:\/\/www.farakostolna.sk\/index.php?rest_route=\/wp\/v2\/posts"}],"about":[{"href":"https:\/\/www.farakostolna.sk\/index.php?rest_route=\/wp\/v2\/types\/post"}],"author":[{"embeddable":true,"href":"https:\/\/www.farakostolna.sk\/index.php?rest_route=\/wp\/v2\/users\/7"}],"replies":[{"embeddable":true,"href":"https:\/\/www.farakostolna.sk\/index.php?rest_route=%2Fwp%2Fv2%2Fcomments&post=4743"}],"version-history":[{"count":0,"href":"https:\/\/www.farakostolna.sk\/index.php?rest_route=\/wp\/v2\/posts\/4743\/revisions"}],"wp:featuredmedia":[{"embeddable":true,"href":"https:\/\/www.farakostolna.sk\/index.php?rest_route=\/"}],"wp:attachment":[{"href":"https:\/\/www.farakostolna.sk\/index.php?rest_route=%2Fwp%2Fv2%2Fmedia&parent=4743"}],"wp:term":[{"taxonomy":"category","embeddable":true,"href":"https:\/\/www.farakostolna.sk\/index.php?rest_route=%2Fwp%2Fv2%2Fcategories&post=4743"},{"taxonomy":"post_tag","embeddable":true,"href":"https:\/\/www.farakostolna.sk\/index.php?rest_route=%2Fwp%2Fv2%2Ftags&post=4743"}],"curies":[{"name":"wp","href":"https:\/\/api.w.org\/{rel}","templated":true}]}}