{"id":4729,"date":"2020-06-21T05:51:44","date_gmt":"2020-06-21T05:51:44","guid":{"rendered":"http:\/\/kostolna.fara.sk\/?p=4729"},"modified":"2020-06-21T05:51:44","modified_gmt":"2020-06-21T05:51:44","slug":"nove-ozvucenie-a-oznam-k-svatym-omsiam-21-6-2020","status":"publish","type":"post","link":"https:\/\/www.farakostolna.sk\/?p=4729","title":{"rendered":"Nov\u00e9 ozvu\u010denie a oznam k sv\u00e4t\u00fdm om\u0161iam 21.6.2020"},"content":{"rendered":"\n\t\t\t\t\n\t\t\t\t\n<div class=\"wp-block-image\"><figure class=\"alignleft is-resized\"><img loading=\"lazy\" decoding=\"async\" src=\"http:\/\/kostolna.fara.sk\/wp-content\/uploads\/2020\/06\/843e960c-8b0d-4fc9-8989-c2924473fe43-1024x768.jpg\" alt=\"\" class=\"wp-image-4730\" width=\"264\" height=\"198\"\/><\/figure><\/div>\n\n\n\n<p>Mil\u00ed priatelia, dnes n\u00e1s Je\u017ei\u0161 vyz\u00fdva k skuto\u010dnej odvahe: &#8220;\u010co v\u00e1m hovor\u00edm vo tme, hovorte na svetle, a \u010do po\u010dujete do ucha, rozhlasujte zo striech&#8230; Nebojte sa t\u00fdch, \u010do zab\u00edjaj\u00fa telo, ale du\u0161u zabi\u0165 nem\u00f4\u017eu. Sk\u00f4r sa bojte toho, ktor\u00fd m\u00f4\u017ee i du\u0161u i telo zahubi\u0165 v pekle&#8230;Ka\u017ed\u00e9ho, kto m\u0148a vyzn\u00e1 pred \u013eu\u010fmi, aj ja vyzn\u00e1m pred svoj\u00edm Otcom&#8230;&#8221; (porov. Mt 10 kap.)<\/p>\n\n\n<p><!--more--><\/p>\n\n\n<p>V dne\u0161nej dobe nadob\u00fadaj\u00fa nov\u00fd v\u00fdznam slov\u00e1 evanjelia:&#8221; Rozhlasujte zo striech!&#8221; Dnes s\u00fa toti\u017e na strech\u00e1ch telev\u00edzne ant\u00e9ny, satelity, internetov\u00e9 routre&#8230; N\u00e1m nesta\u010d\u00ed len prij\u00edma\u0165, viera rastie, ke\u010f sa pod\u00e1va \u010falej. Ako kedysi sv\u00e4t\u00fd Pavol vyst\u00fapil v aerop\u00e1gu, aj my vyu\u017eime v\u0161etky mo\u017enosti spolo\u010densk\u00fdch masovokomunika\u010dn\u00fdch prostriedkov pre \u0161\u00edrenie evanjelia.<\/p>\n\n\n\n<p>V na\u0161ej farnosti je novinkou trval\u00e9ho ozvu\u010denia pod pr\u00edstre\u0161kom, to znamen\u00e1, \u017ee dne\u0161n\u00fdm d\u0148om sa d\u00e1 ka\u017ed\u00fd de\u0148, teda aj cez t\u00fd\u017ede\u0148, zrete\u013ene po\u010du\u0165 cel\u00fa sv\u00e4t\u00fa om\u0161u pod cel\u00fdm pr\u00edstre\u0161kom na lavi\u010dk\u00e1ch. Znamen\u00e1 to, \u017ee kto sa c\u00edti bezpe\u010dnej\u0161ie vonku, m\u00e1 mo\u017enos\u0165 po\u010d\u00fava\u0165 sv\u00e4t\u00fa om\u0161u v tesnej bl\u00edzkosti kostola pod pr\u00edstre\u0161kom. V bl\u00edzkej bud\u00facnosti chceme ozvu\u010denie e\u0161te vylep\u0161i\u0165, aby jednoduchou \u00fapravou sa dalo prepn\u00fa\u0165 ozvu\u010denie nie len z kostola na dvor pod pr\u00edstre\u0161ok, ale i naopak z pod pr\u00edstre\u0161ka do interi\u00e9ru kostola. Vznikne t\u00fdm flexibilita pri pr\u00edprave liturgie bez v\u00e4\u010d\u0161ej \u010dasovej potreby pod\u013ea po\u010dasia. Situ\u00e1cia s obmedzeniami toti\u017e vyzer\u00e1 nadlho. Cirkev je tu ale s pr\u00eds\u013eubom osta\u0165 do konca sveta. Lebo v Cirkvi je svojim o\u017eivuj\u00facim Duchom pr\u00edtomn\u00fd P\u00e1n. To n\u00e1s nap\u013a\u0148a optimizmom a n\u00e1dejou.<\/p>\n\n\n\n<p>Tak\u017ee dnes v Kostolnej ako ka\u017ed\u00fa nede\u013eu: sv\u00e4t\u00e1 om\u0161a o 9:30 v ma\u010farskom a o 11:00 v slovenskom jazyku. Parkovanie na dvore od cesty na Kr\u00e1\u013eov\u00fa k dispoz\u00edcii.<br><br>Te\u0161\u00edm sa na V\u00c1S. <br>Pavol Gajdo\u0161, v\u00e1\u0161 far\u00e1r <\/p>\n\n\n\n<figure class=\"wp-block-image\"><img decoding=\"async\" src=\"http:\/\/kostolna.fara.sk\/wp-content\/uploads\/2020\/06\/6da305fa-7c6a-43a9-a267-750b9bb566b3-1024x768.jpg\" alt=\"\" class=\"wp-image-4731\"\/><\/figure>\n\n\n\n<figure class=\"wp-block-image\"><img decoding=\"async\" src=\"http:\/\/kostolna.fara.sk\/wp-content\/uploads\/2020\/06\/544c0991-3ae6-4333-8674-148a71d9057d-1024x768.jpg\" alt=\"\" class=\"wp-image-4732\"\/><\/figure>\n\t\t\t\t","protected":false},"excerpt":{"rendered":"<p>Mil\u00ed priatelia, dnes n\u00e1s Je\u017ei\u0161 vyz\u00fdva k skuto\u010dnej odvahe: &#8220;\u010co v\u00e1m hovor\u00edm vo tme, hovorte na svetle, a \u010do po\u010dujete do ucha, rozhlasujte zo striech&#8230; Nebojte sa t\u00fdch, \u010do zab\u00edjaj\u00fa telo, ale du\u0161u zabi\u0165 nem\u00f4\u017eu. Sk\u00f4r sa bojte toho, ktor\u00fd m\u00f4\u017ee i du\u0161u i telo zahubi\u0165 v pekle&#8230;Ka\u017ed\u00e9ho, kto m\u0148a vyzn\u00e1 pred \u013eu\u010fmi, aj ja &#8230; <span class=\"more\"><a class=\"more-link\" href=\"https:\/\/www.farakostolna.sk\/?p=4729\">[\u010c\u00edta\u0165 \u010falej&#8230;]<\/a><\/span><\/p>\n","protected":false},"author":6,"featured_media":4730,"comment_status":"closed","ping_status":"closed","sticky":false,"template":"","format":"standard","meta":{"footnotes":""},"categories":[17],"tags":[],"class_list":{"0":"entry","1":"post","2":"publish","3":"author-palszm-sk","4":"has-excerpt","5":"has-more-link","6":"post-4729","8":"format-standard","9":"has-post-thumbnail","10":"category-sv-omsa"},"_links":{"self":[{"href":"https:\/\/www.farakostolna.sk\/index.php?rest_route=\/wp\/v2\/posts\/4729","targetHints":{"allow":["GET"]}}],"collection":[{"href":"https:\/\/www.farakostolna.sk\/index.php?rest_route=\/wp\/v2\/posts"}],"about":[{"href":"https:\/\/www.farakostolna.sk\/index.php?rest_route=\/wp\/v2\/types\/post"}],"author":[{"embeddable":true,"href":"https:\/\/www.farakostolna.sk\/index.php?rest_route=\/wp\/v2\/users\/6"}],"replies":[{"embeddable":true,"href":"https:\/\/www.farakostolna.sk\/index.php?rest_route=%2Fwp%2Fv2%2Fcomments&post=4729"}],"version-history":[{"count":0,"href":"https:\/\/www.farakostolna.sk\/index.php?rest_route=\/wp\/v2\/posts\/4729\/revisions"}],"wp:featuredmedia":[{"embeddable":true,"href":"https:\/\/www.farakostolna.sk\/index.php?rest_route=\/"}],"wp:attachment":[{"href":"https:\/\/www.farakostolna.sk\/index.php?rest_route=%2Fwp%2Fv2%2Fmedia&parent=4729"}],"wp:term":[{"taxonomy":"category","embeddable":true,"href":"https:\/\/www.farakostolna.sk\/index.php?rest_route=%2Fwp%2Fv2%2Fcategories&post=4729"},{"taxonomy":"post_tag","embeddable":true,"href":"https:\/\/www.farakostolna.sk\/index.php?rest_route=%2Fwp%2Fv2%2Ftags&post=4729"}],"curies":[{"name":"wp","href":"https:\/\/api.w.org\/{rel}","templated":true}]}}