{"id":4723,"date":"2020-06-17T05:15:58","date_gmt":"2020-06-17T05:15:58","guid":{"rendered":"http:\/\/kostolna.fara.sk\/?p=4723"},"modified":"2020-06-17T05:15:58","modified_gmt":"2020-06-17T05:15:58","slug":"oslava-bozieho-tela-urnapi-kormenet","status":"publish","type":"post","link":"https:\/\/www.farakostolna.sk\/?p=4723","title":{"rendered":"Oslava Bo\u017eieho tela \/ \u00darnapi k\u00f6rmenet"},"content":{"rendered":"\n\t\t\t\t\n\t\t\t\t\n<div class=\"wp-block-image\"><figure class=\"alignleft is-resized\"><img loading=\"lazy\" decoding=\"async\" src=\"http:\/\/kostolna.fara.sk\/wp-content\/uploads\/2020\/06\/IMG_20200614_102339-1024x768.jpg\" alt=\"\" class=\"wp-image-4724\" width=\"380\" height=\"285\"\/><\/figure><\/div>\n\n\n\n<p>Tradi\u010dn\u00fa procesiu na sviatok Bo\u017eieho tela a pr\u00e1cu \u0161ikovn\u00fdch a ochotn\u00fdch farn\u00edkov vo forme \u0161tyroch olt\u00e1rov tento rok po\u017eehnal P\u00e1n Boh kr\u00e1snym po\u010das\u00edm. Eucharistick\u00e9ho Je\u017ei\u0161a sme nasledovali ulicami Hrub\u00e9ho \u0160\u00fara vo \u0161tvrtok 11. 6. 2020 a v Kostolnej pri Dunaji v nede\u013eu 14. 6. 2020.<\/p>\n\n\n<p><!--more--><\/p>\n\n\n<p>A hagyom\u00e1nyos \u00farnapi k\u00f6rmeneten az id\u00e9n gy\u00f6ny\u00f6r\u0171 id\u0151vel aj\u00e1nd\u00e9kozta meg az \u00dar a h\u00edveket. Az Olt\u00e1riszents\u00e9gben jelen l\u00e9v\u0151 J\u00e9zust j\u00fanius 11-\u00e9n, cs\u00fct\u00f6rt\u00f6k\u00f6n Hegys\u00faron, majd j\u00fanius 14-\u00e9n, vas\u00e1rnap k\u00f6vett\u00fck az utc\u00e1kon is megvallva hit\u00fcnket. A n\u00e9gy olt\u00e1r f\u00f6l\u00e9 fel\u00e1ll\u00edtott \u00e9s vir\u00e1gokkal kid\u00edsz\u00edtett s\u00e1tor \u00fcgyes h\u00edvek keze munk\u00e1j\u00e1t dics\u00e9rte.<\/p>\n\n\n\n<p><a href=\"https:\/\/photos.app.goo.gl\/k9TGfBCEqrKhYpbQA\">Fotky z Oslavy Bo\u017eieho tela &#8211; procesia Hrub\u00fd \u0160\u00far 11.6.2020<\/a><br><a href=\"https:\/\/photos.app.goo.gl\/CYo6Cc9Xa9c2FWfD6\">Fotky z Oslavy Bo\u017eieho tela &#8211; procesia Kostoln\u00e1 pri Dunaji 14.6.2020<\/a><\/p>\n\t\t\t\t","protected":false},"excerpt":{"rendered":"<p>Tradi\u010dn\u00fa procesiu na sviatok Bo\u017eieho tela a pr\u00e1cu \u0161ikovn\u00fdch a ochotn\u00fdch farn\u00edkov vo forme \u0161tyroch olt\u00e1rov tento rok po\u017eehnal P\u00e1n Boh kr\u00e1snym po\u010das\u00edm. Eucharistick\u00e9ho Je\u017ei\u0161a sme nasledovali ulicami Hrub\u00e9ho \u0160\u00fara vo \u0161tvrtok 11. 6. 2020 a v Kostolnej pri Dunaji v nede\u013eu 14. 6. 2020.<\/p>\n","protected":false},"author":7,"featured_media":4724,"comment_status":"closed","ping_status":"closed","sticky":false,"template":"","format":"standard","meta":{"footnotes":""},"categories":[6],"tags":[],"class_list":{"0":"entry","1":"post","2":"publish","3":"author-slado89gmail-com","4":"has-excerpt","5":"has-more-link","6":"post-4723","8":"format-standard","9":"has-post-thumbnail","10":"category-aktuality-sk"},"_links":{"self":[{"href":"https:\/\/www.farakostolna.sk\/index.php?rest_route=\/wp\/v2\/posts\/4723","targetHints":{"allow":["GET"]}}],"collection":[{"href":"https:\/\/www.farakostolna.sk\/index.php?rest_route=\/wp\/v2\/posts"}],"about":[{"href":"https:\/\/www.farakostolna.sk\/index.php?rest_route=\/wp\/v2\/types\/post"}],"author":[{"embeddable":true,"href":"https:\/\/www.farakostolna.sk\/index.php?rest_route=\/wp\/v2\/users\/7"}],"replies":[{"embeddable":true,"href":"https:\/\/www.farakostolna.sk\/index.php?rest_route=%2Fwp%2Fv2%2Fcomments&post=4723"}],"version-history":[{"count":0,"href":"https:\/\/www.farakostolna.sk\/index.php?rest_route=\/wp\/v2\/posts\/4723\/revisions"}],"wp:featuredmedia":[{"embeddable":true,"href":"https:\/\/www.farakostolna.sk\/index.php?rest_route=\/"}],"wp:attachment":[{"href":"https:\/\/www.farakostolna.sk\/index.php?rest_route=%2Fwp%2Fv2%2Fmedia&parent=4723"}],"wp:term":[{"taxonomy":"category","embeddable":true,"href":"https:\/\/www.farakostolna.sk\/index.php?rest_route=%2Fwp%2Fv2%2Fcategories&post=4723"},{"taxonomy":"post_tag","embeddable":true,"href":"https:\/\/www.farakostolna.sk\/index.php?rest_route=%2Fwp%2Fv2%2Ftags&post=4723"}],"curies":[{"name":"wp","href":"https:\/\/api.w.org\/{rel}","templated":true}]}}