{"id":4710,"date":"2020-06-14T06:12:13","date_gmt":"2020-06-14T06:12:13","guid":{"rendered":"http:\/\/kostolna.fara.sk\/?p=4710"},"modified":"2020-06-14T06:12:13","modified_gmt":"2020-06-14T06:12:13","slug":"oznam-k-svatym-omsiam-14-6-2020","status":"publish","type":"post","link":"https:\/\/www.farakostolna.sk\/?p=4710","title":{"rendered":"Oznam k sv\u00e4t\u00fdm om\u0161iam 14.6.2020"},"content":{"rendered":"\n\t\t\t\t\n\t\t\t\t\n<div class=\"wp-block-image\"><figure class=\"alignleft is-resized\"><img loading=\"lazy\" decoding=\"async\" src=\"http:\/\/kostolna.fara.sk\/wp-content\/uploads\/2020\/06\/103437568_712684502824651_4445856088138959334_n.jpg\" alt=\"\" class=\"wp-image-4711\" width=\"254\" height=\"339\"\/><\/figure><\/div>\n\n\n\n<p>Mil\u00ed priatelia, aj v dne\u0161nom evanjeliu sa n\u00e1m Je\u017ei\u0161 prihov\u00e1ra: &#8220;\u017datva je ve\u013ek\u00e1, ale robotn\u00edkov m\u00e1lo. Proste P\u00e1na \u017eatvy, aby poslal robotn\u00edkov na svoju \u017eatvu&#8221; (Mt 9,37-38). <\/p>\n\n\n<p><!--more--><\/p>\n\n\n<p>Je zauj\u00edmav\u00e9, \u017ee \u010dlovek pov\u00e4\u010d\u0161ine t\u00fa\u017ei po tom \u010do nem\u00e1 a to \u010do je mu dan\u00e9, berie ako nie\u010do norm\u00e1lne, nie\u010do \u010do tu skr\u00e1tka mus\u00ed by\u0165. Neuvedomujeme si \u010dastokr\u00e1t, \u017ee aj v tom, \u010di budeme ma\u0165, alebo nebudeme ma\u0165 k\u0148azov je milos\u0165, ktor\u00fa n\u00e1m Boh m\u00f4\u017ee a nemus\u00ed da\u0165. Ka\u017ed\u00fd z n\u00e1s potrebuje k\u0148aza, i k\u0148az k\u0148aza. Ak\u00fdch si vymodl\u00edme, vypros\u00edme, tak\u00fdch budeme ma\u0165.<\/p>\n\n\n\n<p>Pod\u013ea posledn\u00fdch usmernen\u00ed v kostoloch u\u017e nie je potrebn\u00e9 dodr\u017eiava\u0165 odstupy, av\u0161ak r\u00fa\u0161ka v interi\u00e9ri s\u00fa st\u00e1le v platnosti. Aj ke\u010f sv\u00e4t\u00e9 om\u0161e bud\u00fa dnes v Kostolnej vo vn\u00fatri chr\u00e1mu (9:30 ma\u010farsky, 11:00 slovensky &#8211; asi dnes tro\u0161ku s me\u0161kan\u00edm), pre t\u00fdch, ktor\u00ed sa c\u00edtia bezpe\u010dnej\u0161ie na vo\u013enom priestranstve, je nachystan\u00fdch viac ako 20 lavi\u010diek vonku pred hlavn\u00fdm vchodom. <\/p>\n\n\n\n<p>Procesia so Sviatos\u0165ou Olt\u00e1rnou je na pl\u00e1ne u\u017e od 10:15. PR\u00cd\u010eTE PROS\u00cdM u\u017e aj na procesiu a vyjadrime spolo\u010dne rados\u0165 z pr\u00edtomnosti Je\u017ei\u0161a medzi nami. De\u0165om m\u00f4\u017eete nachysta\u0165 do ko\u0161\u00edkov lupienky z kvietkov. Hne\u010f po skon\u010den\u00ed procesie bude pokra\u010dova\u0165 sv\u00e4t\u00e1 om\u0161a v slovenskom jazyku. Parkovanie je pre v\u00e1s vo dvore odzadu od Kr\u00e1\u013eovej zabezpe\u010den\u00e9. <\/p>\n\n\n\n<p>Te\u0161\u00edme sa na v\u00e1s! PR\u00cd\u010eTE! <br>Pavol Gajdo\u0161, v\u00e1\u0161 far\u00e1r <\/p>\n\n\n\n<figure class=\"wp-block-image\"><img decoding=\"async\" src=\"http:\/\/kostolna.fara.sk\/wp-content\/uploads\/2020\/06\/104169046_712684609491307_749826520472774033_n.jpg\" alt=\"\" class=\"wp-image-4712\"\/><\/figure>\n\n\n\n<figure class=\"wp-block-image\"><img decoding=\"async\" src=\"http:\/\/kostolna.fara.sk\/wp-content\/uploads\/2020\/06\/104086221_712684649491303_5482522586620090650_n.jpg\" alt=\"\" class=\"wp-image-4713\"\/><\/figure>\n\n\n\n<figure class=\"wp-block-image\"><img decoding=\"async\" src=\"http:\/\/kostolna.fara.sk\/wp-content\/uploads\/2020\/06\/104098815_712684682824633_1209337463331013904_n.jpg\" alt=\"\" class=\"wp-image-4714\"\/><\/figure>\n\n\n\n<figure class=\"wp-block-image\"><img decoding=\"async\" src=\"http:\/\/kostolna.fara.sk\/wp-content\/uploads\/2020\/06\/82167617_712684472824654_8844064446342437986_n.jpg\" alt=\"\" class=\"wp-image-4715\"\/><\/figure>\n\n\n\n<figure class=\"wp-block-image\"><img decoding=\"async\" src=\"http:\/\/kostolna.fara.sk\/wp-content\/uploads\/2020\/06\/83707107_712684442824657_2236584834628524139_n.jpg\" alt=\"\" class=\"wp-image-4716\"\/><\/figure>\n\n\n\n<figure class=\"wp-block-image\"><img decoding=\"async\" src=\"http:\/\/kostolna.fara.sk\/wp-content\/uploads\/2020\/06\/83043676_712684399491328_8178721178689069385_n.jpg\" alt=\"\" class=\"wp-image-4717\"\/><\/figure>\n\n\n\n<figure class=\"wp-block-image\"><img decoding=\"async\" src=\"http:\/\/kostolna.fara.sk\/wp-content\/uploads\/2020\/06\/104202193_712684539491314_4339386138320082454_n.jpg\" alt=\"\" class=\"wp-image-4718\"\/><\/figure>\n\n\n\n<figure class=\"wp-block-image\"><img decoding=\"async\" src=\"http:\/\/kostolna.fara.sk\/wp-content\/uploads\/2020\/06\/104297444_712684572824644_5993122442103661535_n.jpg\" alt=\"\" class=\"wp-image-4719\"\/><\/figure>\n\n\n\n<figure class=\"wp-block-image\"><img decoding=\"async\" src=\"http:\/\/kostolna.fara.sk\/wp-content\/uploads\/2020\/06\/104098343_712684709491297_6232425287235232223_n.jpg\" alt=\"\" class=\"wp-image-4720\"\/><\/figure>\n\t\t\t\t","protected":false},"excerpt":{"rendered":"<p>Mil\u00ed priatelia, aj v dne\u0161nom evanjeliu sa n\u00e1m Je\u017ei\u0161 prihov\u00e1ra: &#8220;\u017datva je ve\u013ek\u00e1, ale robotn\u00edkov m\u00e1lo. Proste P\u00e1na \u017eatvy, aby poslal robotn\u00edkov na svoju \u017eatvu&#8221; (Mt 9,37-38).<\/p>\n","protected":false},"author":6,"featured_media":4711,"comment_status":"closed","ping_status":"closed","sticky":false,"template":"","format":"standard","meta":{"footnotes":""},"categories":[17],"tags":[],"class_list":{"0":"entry","1":"post","2":"publish","3":"author-palszm-sk","4":"has-excerpt","5":"has-more-link","6":"post-4710","8":"format-standard","9":"has-post-thumbnail","10":"category-sv-omsa"},"_links":{"self":[{"href":"https:\/\/www.farakostolna.sk\/index.php?rest_route=\/wp\/v2\/posts\/4710","targetHints":{"allow":["GET"]}}],"collection":[{"href":"https:\/\/www.farakostolna.sk\/index.php?rest_route=\/wp\/v2\/posts"}],"about":[{"href":"https:\/\/www.farakostolna.sk\/index.php?rest_route=\/wp\/v2\/types\/post"}],"author":[{"embeddable":true,"href":"https:\/\/www.farakostolna.sk\/index.php?rest_route=\/wp\/v2\/users\/6"}],"replies":[{"embeddable":true,"href":"https:\/\/www.farakostolna.sk\/index.php?rest_route=%2Fwp%2Fv2%2Fcomments&post=4710"}],"version-history":[{"count":0,"href":"https:\/\/www.farakostolna.sk\/index.php?rest_route=\/wp\/v2\/posts\/4710\/revisions"}],"wp:featuredmedia":[{"embeddable":true,"href":"https:\/\/www.farakostolna.sk\/index.php?rest_route=\/"}],"wp:attachment":[{"href":"https:\/\/www.farakostolna.sk\/index.php?rest_route=%2Fwp%2Fv2%2Fmedia&parent=4710"}],"wp:term":[{"taxonomy":"category","embeddable":true,"href":"https:\/\/www.farakostolna.sk\/index.php?rest_route=%2Fwp%2Fv2%2Fcategories&post=4710"},{"taxonomy":"post_tag","embeddable":true,"href":"https:\/\/www.farakostolna.sk\/index.php?rest_route=%2Fwp%2Fv2%2Ftags&post=4710"}],"curies":[{"name":"wp","href":"https:\/\/api.w.org\/{rel}","templated":true}]}}