{"id":4705,"date":"2020-06-11T13:25:18","date_gmt":"2020-06-11T13:25:18","guid":{"rendered":"http:\/\/kostolna.fara.sk\/?p=4705"},"modified":"2020-06-11T13:25:18","modified_gmt":"2020-06-11T13:25:18","slug":"oznam-k-svatym-omsiam-11-6-2020","status":"publish","type":"post","link":"https:\/\/www.farakostolna.sk\/?p=4705","title":{"rendered":"Oznam k sv\u00e4t\u00fdm om\u0161iam 11.6.2020"},"content":{"rendered":"\n\t\t\t\t\n\t\t\t\t\n<div class=\"wp-block-image\"><figure class=\"alignleft is-resized\"><img loading=\"lazy\" decoding=\"async\" src=\"http:\/\/kostolna.fara.sk\/wp-content\/uploads\/2020\/06\/103537179_710821019677666_4798856545774551537_o.jpg\" alt=\"\" class=\"wp-image-4706\" width=\"393\" height=\"295\"\/><\/figure><\/div>\n\n\n\n<p>Sviatok Bo\u017eieho Tela pre dobr\u00e9 po\u010dasie bude dnes v na\u0161ej farnosti v Kostolnej osl\u00e1ven\u00fd vonku pred pr\u00edstre\u0161kom dvojjazy\u010dnou sv\u00e4tou om\u0161ou o 18:00. V\u0161etci ste v\u00edtan\u00ed! <\/p>\n\n\n\n<p>O dev\u00e4tn\u00e1stej bude potom v Hrubom \u0160\u00fare pri kaplnke v ma\u010farskom jazyku sv\u00e4t\u00e1 om\u0161a, po nej bude okolo kaplnky dvojjazy\u010dn\u00e1 procesia s Najsv\u00e4tej\u0161ou Olt\u00e1rnou Sviatos\u0165ou. Tie\u017e ste v\u0161etci v\u00edtan\u00ed! <\/p>\n\t\t\t\t","protected":false},"excerpt":{"rendered":"<p>Sviatok Bo\u017eieho Tela pre dobr\u00e9 po\u010dasie bude dnes v na\u0161ej farnosti v Kostolnej osl\u00e1ven\u00fd vonku pred pr\u00edstre\u0161kom dvojjazy\u010dnou sv\u00e4tou om\u0161ou o 18:00. V\u0161etci ste v\u00edtan\u00ed! O dev\u00e4tn\u00e1stej bude potom v Hrubom \u0160\u00fare pri kaplnke v ma\u010farskom jazyku sv\u00e4t\u00e1 om\u0161a, po nej bude okolo kaplnky dvojjazy\u010dn\u00e1 procesia s Najsv\u00e4tej\u0161ou Olt\u00e1rnou Sviatos\u0165ou. Tie\u017e ste v\u0161etci v\u00edtan\u00ed!<\/p>\n","protected":false},"author":7,"featured_media":4706,"comment_status":"closed","ping_status":"closed","sticky":false,"template":"","format":"standard","meta":{"footnotes":""},"categories":[17],"tags":[],"class_list":{"0":"entry","1":"post","2":"publish","3":"author-slado89gmail-com","4":"has-excerpt","5":"post-4705","7":"format-standard","8":"has-post-thumbnail","9":"category-sv-omsa"},"_links":{"self":[{"href":"https:\/\/www.farakostolna.sk\/index.php?rest_route=\/wp\/v2\/posts\/4705","targetHints":{"allow":["GET"]}}],"collection":[{"href":"https:\/\/www.farakostolna.sk\/index.php?rest_route=\/wp\/v2\/posts"}],"about":[{"href":"https:\/\/www.farakostolna.sk\/index.php?rest_route=\/wp\/v2\/types\/post"}],"author":[{"embeddable":true,"href":"https:\/\/www.farakostolna.sk\/index.php?rest_route=\/wp\/v2\/users\/7"}],"replies":[{"embeddable":true,"href":"https:\/\/www.farakostolna.sk\/index.php?rest_route=%2Fwp%2Fv2%2Fcomments&post=4705"}],"version-history":[{"count":0,"href":"https:\/\/www.farakostolna.sk\/index.php?rest_route=\/wp\/v2\/posts\/4705\/revisions"}],"wp:featuredmedia":[{"embeddable":true,"href":"https:\/\/www.farakostolna.sk\/index.php?rest_route=\/"}],"wp:attachment":[{"href":"https:\/\/www.farakostolna.sk\/index.php?rest_route=%2Fwp%2Fv2%2Fmedia&parent=4705"}],"wp:term":[{"taxonomy":"category","embeddable":true,"href":"https:\/\/www.farakostolna.sk\/index.php?rest_route=%2Fwp%2Fv2%2Fcategories&post=4705"},{"taxonomy":"post_tag","embeddable":true,"href":"https:\/\/www.farakostolna.sk\/index.php?rest_route=%2Fwp%2Fv2%2Ftags&post=4705"}],"curies":[{"name":"wp","href":"https:\/\/api.w.org\/{rel}","templated":true}]}}