{"id":4692,"date":"2020-06-07T05:38:01","date_gmt":"2020-06-07T05:38:01","guid":{"rendered":"http:\/\/kostolna.fara.sk\/?p=4692"},"modified":"2020-06-07T05:38:01","modified_gmt":"2020-06-07T05:38:01","slug":"oznam-k-svatym-omsiam-7-6-2020","status":"publish","type":"post","link":"https:\/\/www.farakostolna.sk\/?p=4692","title":{"rendered":"Oznam k sv\u00e4t\u00fdm om\u0161iam 7.6.2020"},"content":{"rendered":"\n\t\t\t\t\n\t\t\t\t\n<div class=\"wp-block-image\"><figure class=\"alignleft is-resized\"><img loading=\"lazy\" decoding=\"async\" src=\"http:\/\/kostolna.fara.sk\/wp-content\/uploads\/2020\/06\/102616252_707916819968086_4260884394201302950_n.jpg\" alt=\"\" class=\"wp-image-4693\" width=\"399\" height=\"299\"\/><\/figure><\/div>\n\n\n\n<p>Mil\u00ed priatelia, v tento de\u0148 sl\u00e1vime tajomstvo n\u00e1\u0161ho Stvorite\u013ea, ktor\u00e9ho Trojjedinnos\u0165 nevieme pochopi\u0165. Ale sn\u00e1\u010f to ani nie je na pochopenie, ale na obdiv. Tajomstvo Najsv\u00e4tej\u0161ej Trojice je \u010faleko od na\u0161ej ch\u00e1pavosti, ale m\u00f4\u017ee by\u0165 bl\u00edzko n\u00e1\u0161ho srdca. <\/p>\n\n\n<p><!--more--><\/p>\n\n\n<p>Poz\u00fdvam V\u00e1s na sv\u00e4t\u00fa om\u0161u do Kostolnej pri Dunaji (9:30 ma\u010farsky, 11:00 slovensky) na farsk\u00fd dvor, kde je pre V\u00e1s op\u00e4\u0165 pripraven\u00e9 ozvu\u010denie, na sedenie 50 lavi\u010diek a stoli\u010dky. O jeden\u00e1stej spestr\u00ed sl\u00e1vnostn\u00fa liturgiu i Dominika Star\u00e1, ktor\u00e1 zaspieva v doprovode klav\u00edra svojej maminy Adriky. Po sv\u00e4tej om\u0161i deti dostan\u00fa miesto cukr\u00edkov sladk\u00e9 jab\u013a\u010dka, darovan\u00e9 pre n\u00e1s z Dunajskej Lu\u017enej. Parkovanie je op\u00e4\u0165 zabezpe\u010den\u00e9 vo farskej z\u00e1hrade zo strany na konci m\u00faru od cesty na Kr\u00e1\u013eov\u00fa. <\/p>\n\n\n\n<p>Nechajme sa prenikn\u00fa\u0165 tajomstvom Trojjedinn\u00e9ho Boha, ktor\u00e9ho prame\u0148 ve\u010dnej radosti m\u00e1me na dosah. &#8220;Ve\u010f Boh neposlal Syna na svet, aby svet ods\u00fadil, ale aby sa skrze neho svet spasil.&#8221; Jn 3,16<\/p>\n\n\n\n<p>Te\u0161\u00edme sa na v\u00e1s. <br>Pavol Gajdo\u0161, v\u00e1\u0161 far\u00e1r <\/p>\n\n\n\n<figure class=\"wp-block-image\"><img decoding=\"async\" src=\"http:\/\/kostolna.fara.sk\/wp-content\/uploads\/2020\/06\/102728883_707916613301440_573802026832268256_n.jpg\" alt=\"\" class=\"wp-image-4694\"\/><\/figure>\n\n\n\n<figure class=\"wp-block-image\"><img decoding=\"async\" src=\"http:\/\/kostolna.fara.sk\/wp-content\/uploads\/2020\/06\/102772203_707916743301427_727585964617764353_n.jpg\" alt=\"\" class=\"wp-image-4695\"\/><\/figure>\n\n\n\n<figure class=\"wp-block-image\"><img decoding=\"async\" src=\"http:\/\/kostolna.fara.sk\/wp-content\/uploads\/2020\/06\/102937773_707916776634757_4174266163319791731_n.jpg\" alt=\"\" class=\"wp-image-4696\"\/><\/figure>\n\n\n\n<figure class=\"wp-block-image\"><img decoding=\"async\" src=\"http:\/\/kostolna.fara.sk\/wp-content\/uploads\/2020\/06\/102415380_707916716634763_1683026358486319659_n.jpg\" alt=\"\" class=\"wp-image-4697\"\/><\/figure>\n\n\n\n<figure class=\"wp-block-image\"><img decoding=\"async\" src=\"http:\/\/kostolna.fara.sk\/wp-content\/uploads\/2020\/06\/103202898_707916669968101_5910915803767128178_n.jpg\" alt=\"\" class=\"wp-image-4698\"\/><\/figure>\n\n\n\n<figure class=\"wp-block-image\"><img decoding=\"async\" src=\"http:\/\/kostolna.fara.sk\/wp-content\/uploads\/2020\/06\/image.png\" alt=\"\" class=\"wp-image-4699\"\/><\/figure>\n\n\n\n<figure class=\"wp-block-image\"><img decoding=\"async\" src=\"http:\/\/kostolna.fara.sk\/wp-content\/uploads\/2020\/06\/154660AD-CE49-4306-B6BC-484B1D0AE65E.jpeg\" alt=\"\" class=\"wp-image-4703\"\/><\/figure>\n\t\t\t\t","protected":false},"excerpt":{"rendered":"<p>Mil\u00ed priatelia, v tento de\u0148 sl\u00e1vime tajomstvo n\u00e1\u0161ho Stvorite\u013ea, ktor\u00e9ho Trojjedinnos\u0165 nevieme pochopi\u0165. Ale sn\u00e1\u010f to ani nie je na pochopenie, ale na obdiv. Tajomstvo Najsv\u00e4tej\u0161ej Trojice je \u010faleko od na\u0161ej ch\u00e1pavosti, ale m\u00f4\u017ee by\u0165 bl\u00edzko n\u00e1\u0161ho srdca.<\/p>\n","protected":false},"author":6,"featured_media":4693,"comment_status":"closed","ping_status":"closed","sticky":false,"template":"","format":"standard","meta":{"footnotes":""},"categories":[17],"tags":[],"class_list":{"0":"entry","1":"post","2":"publish","3":"author-palszm-sk","4":"has-excerpt","5":"has-more-link","6":"post-4692","8":"format-standard","9":"has-post-thumbnail","10":"category-sv-omsa"},"_links":{"self":[{"href":"https:\/\/www.farakostolna.sk\/index.php?rest_route=\/wp\/v2\/posts\/4692","targetHints":{"allow":["GET"]}}],"collection":[{"href":"https:\/\/www.farakostolna.sk\/index.php?rest_route=\/wp\/v2\/posts"}],"about":[{"href":"https:\/\/www.farakostolna.sk\/index.php?rest_route=\/wp\/v2\/types\/post"}],"author":[{"embeddable":true,"href":"https:\/\/www.farakostolna.sk\/index.php?rest_route=\/wp\/v2\/users\/6"}],"replies":[{"embeddable":true,"href":"https:\/\/www.farakostolna.sk\/index.php?rest_route=%2Fwp%2Fv2%2Fcomments&post=4692"}],"version-history":[{"count":0,"href":"https:\/\/www.farakostolna.sk\/index.php?rest_route=\/wp\/v2\/posts\/4692\/revisions"}],"wp:featuredmedia":[{"embeddable":true,"href":"https:\/\/www.farakostolna.sk\/index.php?rest_route=\/"}],"wp:attachment":[{"href":"https:\/\/www.farakostolna.sk\/index.php?rest_route=%2Fwp%2Fv2%2Fmedia&parent=4692"}],"wp:term":[{"taxonomy":"category","embeddable":true,"href":"https:\/\/www.farakostolna.sk\/index.php?rest_route=%2Fwp%2Fv2%2Fcategories&post=4692"},{"taxonomy":"post_tag","embeddable":true,"href":"https:\/\/www.farakostolna.sk\/index.php?rest_route=%2Fwp%2Fv2%2Ftags&post=4692"}],"curies":[{"name":"wp","href":"https:\/\/api.w.org\/{rel}","templated":true}]}}