{"id":4680,"date":"2020-05-31T06:03:35","date_gmt":"2020-05-31T06:03:35","guid":{"rendered":"http:\/\/kostolna.fara.sk\/?p=4680"},"modified":"2020-05-31T06:03:35","modified_gmt":"2020-05-31T06:03:35","slug":"oznam-k-svatym-omsiam-31-5-2020","status":"publish","type":"post","link":"https:\/\/www.farakostolna.sk\/?p=4680","title":{"rendered":"Oznam k sv\u00e4t\u00fdm om\u0161iam 31.5.2020"},"content":{"rendered":"\n\t\t\t\t\n\t\t\t\t\n<div class=\"wp-block-image\"><figure class=\"alignleft is-resized\"><img loading=\"lazy\" decoding=\"async\" src=\"http:\/\/kostolna.fara.sk\/wp-content\/uploads\/2020\/05\/101285663_703084870451281_3664861556060979200_n.jpg\" alt=\"\" class=\"wp-image-4681\" width=\"353\" height=\"265\"\/><\/figure><\/div>\n\n\n\n<p>Dnes m\u00e1me narodeniny Cirkvi. Zoslanie Ducha Sv\u00e4t\u00e9ho &#8211; Tur\u00edce. Tret\u00ed najv\u00e4\u010d\u0161\u00ed sviatok v liturgickom roku po Ve\u013ekej noci a Vianociach. Z h\u0155stky prestra\u0161en\u00fdch apo\u0161tolov sa st\u00e1vaj\u00fa neboj\u00e1cni \u013eudia, ktor\u00ed menia cel\u00fa vtedaj\u0161iu R\u00edmsku r\u00ed\u0161u. <\/p>\n\n\n<p><!--more--><\/p>\n\n\n<p>Kres\u0165ania i dnes v mnoh\u00fdch \u010dastiach sveta prin\u00e1\u0161aj\u00fa najvy\u0161\u0161iu mo\u017en\u00fa obetu, ohromn\u00e9 svedectvo \u017eivota. Dne\u0161n\u00fd d\u00e1\u017e\u010f alebo strach z choroby je v porovnan\u00ed s nimi sk\u00f4r na zamyslenie. Bez Ducha Sv\u00e4t\u00e9ho sme naozaj len bezcenn\u00e1 bi\u017eut\u00e9ria. Pr\u00e1ve dnes sa n\u00e1m tento Duch pon\u00faka, vol\u00e1 n\u00e1s, aby n\u00e1s potom \u017eiadal: &#8220;Ako m\u0148a poslal Otec, aj ja posielam v\u00e1s.&#8221; Hoci sa svet tomuto hlasu evanjelia akosi st\u00e1le br\u00e1ni, ve\u013emi ho potrebuje. Potrebuje Ducha, ktor\u00fd zjednocuje, ktor\u00fd prinesie rovnov\u00e1hu do d\u00f4vern\u00e9ho \u017eivota s pr\u00edrodou i do n\u00e1\u0161ho spolo\u010densk\u00e9ho \u017eivota. A na n\u00e1s z\u00e1le\u017e\u00ed, \u010di sa s n\u00edm stretneme. <\/p>\n\n\n\n<p>Poz\u00fdvam v\u00e1s na sv\u00e4t\u00fa om\u0161u do Kostolnej pri Dunaji (9:30 ma\u010farsky, 11:00 slovensky), liturgia bude pre po\u010dasie vo vn\u00fatri chr\u00e1mu, ale lavi\u010dky a ozvu\u010denie je op\u00e4\u0165 pripraven\u00e9 aj v zavetr\u00ed kostola pri sakristii. Dobre sa oble\u010dte, d\u00e1\u017ednik, vreckovka na utretie lavi\u010dky a podsed\u00e1k sa v\u00e1m m\u00f4\u017ee z\u00eds\u0165. O jeden\u00e1stej bude spieva\u0165 n\u00e1\u0161 spev\u00e1cky zbor, ktor\u00fd sa na t\u00fato sl\u00e1vnos\u0165 svedomite pripravoval. Parkovanie je op\u00e4\u0165 zabezpe\u010den\u00e9 vo farskej z\u00e1hrade zo strany na konci m\u00faru od cesty na Kr\u00e1\u013eov\u00fa. Te\u0161\u00edme sa na v\u00e1s.<br> <br>Pavol Gajdo\u0161, v\u00e1\u0161 far\u00e1r <\/p>\n\n\n\n<figure class=\"wp-block-image\"><img decoding=\"async\" src=\"http:\/\/kostolna.fara.sk\/wp-content\/uploads\/2020\/05\/79479987_703084997117935_8595593056793657344_n.jpg\" alt=\"\" class=\"wp-image-4682\"\/><\/figure>\n\n\n\n<figure class=\"wp-block-image\"><img decoding=\"async\" src=\"http:\/\/kostolna.fara.sk\/wp-content\/uploads\/2020\/05\/83247994_703084907117944_6309323244339986432_n.jpg\" alt=\"\" class=\"wp-image-4683\"\/><\/figure>\n\n\n\n<figure class=\"wp-block-image\"><img decoding=\"async\" src=\"http:\/\/kostolna.fara.sk\/wp-content\/uploads\/2020\/05\/101700859_703084947117940_8673716012236931072_n.jpg\" alt=\"\" class=\"wp-image-4686\"\/><\/figure>\n\n\n\n<figure class=\"wp-block-image\"><img decoding=\"async\" src=\"http:\/\/kostolna.fara.sk\/wp-content\/uploads\/2020\/05\/101445834_703084813784620_143370771459211264_n.jpg\" alt=\"\" class=\"wp-image-4684\"\/><\/figure>\n\n\n\n<figure class=\"wp-block-image\"><img decoding=\"async\" src=\"http:\/\/kostolna.fara.sk\/wp-content\/uploads\/2020\/05\/101813669_703084840451284_2508795976479670272_n.jpg\" alt=\"\" class=\"wp-image-4687\"\/><\/figure>\n\n\n\n<figure class=\"wp-block-image\"><img decoding=\"async\" src=\"http:\/\/kostolna.fara.sk\/wp-content\/uploads\/2020\/05\/82182901_703085033784598_1071489358466383872_n.jpg\" alt=\"\" class=\"wp-image-4685\"\/><\/figure>\n\t\t\t\t","protected":false},"excerpt":{"rendered":"<p>Dnes m\u00e1me narodeniny Cirkvi. Zoslanie Ducha Sv\u00e4t\u00e9ho &#8211; Tur\u00edce. Tret\u00ed najv\u00e4\u010d\u0161\u00ed sviatok v liturgickom roku po Ve\u013ekej noci a Vianociach. Z h\u0155stky prestra\u0161en\u00fdch apo\u0161tolov sa st\u00e1vaj\u00fa neboj\u00e1cni \u013eudia, ktor\u00ed menia cel\u00fa vtedaj\u0161iu R\u00edmsku r\u00ed\u0161u.<\/p>\n","protected":false},"author":6,"featured_media":4681,"comment_status":"closed","ping_status":"closed","sticky":false,"template":"","format":"standard","meta":{"footnotes":""},"categories":[17],"tags":[],"class_list":{"0":"entry","1":"post","2":"publish","3":"author-palszm-sk","4":"has-excerpt","5":"has-more-link","6":"post-4680","8":"format-standard","9":"has-post-thumbnail","10":"category-sv-omsa"},"_links":{"self":[{"href":"https:\/\/www.farakostolna.sk\/index.php?rest_route=\/wp\/v2\/posts\/4680","targetHints":{"allow":["GET"]}}],"collection":[{"href":"https:\/\/www.farakostolna.sk\/index.php?rest_route=\/wp\/v2\/posts"}],"about":[{"href":"https:\/\/www.farakostolna.sk\/index.php?rest_route=\/wp\/v2\/types\/post"}],"author":[{"embeddable":true,"href":"https:\/\/www.farakostolna.sk\/index.php?rest_route=\/wp\/v2\/users\/6"}],"replies":[{"embeddable":true,"href":"https:\/\/www.farakostolna.sk\/index.php?rest_route=%2Fwp%2Fv2%2Fcomments&post=4680"}],"version-history":[{"count":0,"href":"https:\/\/www.farakostolna.sk\/index.php?rest_route=\/wp\/v2\/posts\/4680\/revisions"}],"wp:featuredmedia":[{"embeddable":true,"href":"https:\/\/www.farakostolna.sk\/index.php?rest_route=\/"}],"wp:attachment":[{"href":"https:\/\/www.farakostolna.sk\/index.php?rest_route=%2Fwp%2Fv2%2Fmedia&parent=4680"}],"wp:term":[{"taxonomy":"category","embeddable":true,"href":"https:\/\/www.farakostolna.sk\/index.php?rest_route=%2Fwp%2Fv2%2Fcategories&post=4680"},{"taxonomy":"post_tag","embeddable":true,"href":"https:\/\/www.farakostolna.sk\/index.php?rest_route=%2Fwp%2Fv2%2Ftags&post=4680"}],"curies":[{"name":"wp","href":"https:\/\/api.w.org\/{rel}","templated":true}]}}