{"id":4675,"date":"2020-05-24T05:33:53","date_gmt":"2020-05-24T05:33:53","guid":{"rendered":"http:\/\/kostolna.fara.sk\/?p=4675"},"modified":"2020-05-24T05:33:53","modified_gmt":"2020-05-24T05:33:53","slug":"oznam-k-svatym-omsiam-24-5-2020","status":"publish","type":"post","link":"https:\/\/www.farakostolna.sk\/?p=4675","title":{"rendered":"Oznam k sv\u00e4t\u00fdm om\u0161iam 24.5.2020"},"content":{"rendered":"\n\t\t\t\t\n\t\t\t\t\n<div class=\"wp-block-image\"><figure class=\"alignleft is-resized\"><img loading=\"lazy\" decoding=\"async\" src=\"http:\/\/kostolna.fara.sk\/wp-content\/uploads\/2020\/05\/IMG_20200524_060249-1024x768.jpg\" alt=\"\" class=\"wp-image-4676\" width=\"396\" height=\"297\"\/><\/figure><\/div>\n\n\n\n<p>Mil\u00ed priatelia! I dnes, 24. m\u00e1ja, v t\u00fato siedmu Ve\u013ekono\u010dn\u00fa nede\u013eu V\u00e1s poz\u00fdvam na sv\u00e4t\u00fa om\u0161u do Kostolnej pri Dunaji. <\/p>\n\n\n<p><!--more--><\/p>\n\n\n<p>Rozj\u00edma\u0165 budeme nad slovami z Je\u017ei\u0161ovej ve\u013ek\u0148azskej modlitby: &#8220;Zjavil som svoje meno \u013eu\u010fom, ktor\u00fdch si mi dal zo sveta. Tvoji boli a dal si ich mne a oni zachovali tvoje slovo.&#8221; Jn 17<\/p>\n\n\n\n<p>Ke\u010f\u017ee je pomerne siln\u00fd vietor, 30 lavi\u010diek je pre V\u00e1s prichystan\u00fdch z boku kostola pri sakristii, kde je z\u00e1vetrie. Obidve sv\u00e4t\u00e9 om\u0161e bud\u00fa v interi\u00e9ri kostola, av\u0161ak vonku bude pripraven\u00e9 ozvu\u010denie. V kostole je potrebn\u00e9 dodr\u017eiava\u0165 rozostupy medzi sebou a ved\u013ea seba nech sedia iba rodinn\u00ed pr\u00edslu\u0161n\u00edci z jednej dom\u00e1cnosti. Je\u017eis aj tentoraz zahreje na\u0161e srdcia bez rozdielu, kde budeme sedie\u0165, vonku \u010di vn\u00fatri. Tak nezav\u00e1hajte a pr\u00ed\u010fte!<\/p>\n\n\n\n<p>Pavol Gajdo\u0161, <br>V\u00e1\u0161 p\u00e1n far\u00e1r<\/p>\n\t\t\t\t","protected":false},"excerpt":{"rendered":"<p>Mil\u00ed priatelia! I dnes, 24. m\u00e1ja, v t\u00fato siedmu Ve\u013ekono\u010dn\u00fa nede\u013eu V\u00e1s poz\u00fdvam na sv\u00e4t\u00fa om\u0161u do Kostolnej pri Dunaji.<\/p>\n","protected":false},"author":6,"featured_media":4676,"comment_status":"closed","ping_status":"closed","sticky":false,"template":"","format":"standard","meta":{"footnotes":""},"categories":[17],"tags":[],"class_list":{"0":"entry","1":"post","2":"publish","3":"author-palszm-sk","4":"has-excerpt","5":"has-more-link","6":"post-4675","8":"format-standard","9":"has-post-thumbnail","10":"category-sv-omsa"},"_links":{"self":[{"href":"https:\/\/www.farakostolna.sk\/index.php?rest_route=\/wp\/v2\/posts\/4675","targetHints":{"allow":["GET"]}}],"collection":[{"href":"https:\/\/www.farakostolna.sk\/index.php?rest_route=\/wp\/v2\/posts"}],"about":[{"href":"https:\/\/www.farakostolna.sk\/index.php?rest_route=\/wp\/v2\/types\/post"}],"author":[{"embeddable":true,"href":"https:\/\/www.farakostolna.sk\/index.php?rest_route=\/wp\/v2\/users\/6"}],"replies":[{"embeddable":true,"href":"https:\/\/www.farakostolna.sk\/index.php?rest_route=%2Fwp%2Fv2%2Fcomments&post=4675"}],"version-history":[{"count":0,"href":"https:\/\/www.farakostolna.sk\/index.php?rest_route=\/wp\/v2\/posts\/4675\/revisions"}],"wp:featuredmedia":[{"embeddable":true,"href":"https:\/\/www.farakostolna.sk\/index.php?rest_route=\/"}],"wp:attachment":[{"href":"https:\/\/www.farakostolna.sk\/index.php?rest_route=%2Fwp%2Fv2%2Fmedia&parent=4675"}],"wp:term":[{"taxonomy":"category","embeddable":true,"href":"https:\/\/www.farakostolna.sk\/index.php?rest_route=%2Fwp%2Fv2%2Fcategories&post=4675"},{"taxonomy":"post_tag","embeddable":true,"href":"https:\/\/www.farakostolna.sk\/index.php?rest_route=%2Fwp%2Fv2%2Ftags&post=4675"}],"curies":[{"name":"wp","href":"https:\/\/api.w.org\/{rel}","templated":true}]}}