{"id":4667,"date":"2020-05-17T06:27:06","date_gmt":"2020-05-17T06:27:06","guid":{"rendered":"http:\/\/kostolna.fara.sk\/?p=4667"},"modified":"2020-05-17T06:27:06","modified_gmt":"2020-05-17T06:27:06","slug":"oznam-k-svatym-omsiam-17-5-2020","status":"publish","type":"post","link":"https:\/\/www.farakostolna.sk\/?p=4667","title":{"rendered":"Oznam k sv\u00e4t\u00fdm om\u0161iam 17.5.2020"},"content":{"rendered":"\n\t\t\t\t\n\t\t\t\t\n<div class=\"wp-block-image\"><figure class=\"alignleft is-resized\"><img loading=\"lazy\" decoding=\"async\" src=\"http:\/\/kostolna.fara.sk\/wp-content\/uploads\/2020\/05\/97309826_694056824687419_6686377585737203712_n.jpg\" alt=\"\" class=\"wp-image-4668\" width=\"325\" height=\"243\"\/><\/figure><\/div>\n\n\n\n<p> Kr\u00e1snu nede\u013eu prajem! Zamra\u010den\u00e9 po\u010dasie z troma kvapkami nech v\u00e1s neodrad\u00ed. Potvrdzujem, \u017ee sv\u00e4t\u00e9 om\u0161e v Kostolnej dnes bud\u00fa pod pr\u00edstre\u0161kom na farskom dvore. Miesta (aj pod pr\u00edstre\u0161kom) je dostatok. A kto uprednostn\u00ed interi\u00e9r kostola, kde je teplej\u0161ie, pripom\u00ednam, \u017ee tie\u017e bude cel\u00fd otvoren\u00fd a ozvu\u010den\u00fd. Tak nezav\u00e1hajte a pr\u00ed\u010fte! <\/p>\n\n\n\n<figure class=\"wp-block-image\"><img decoding=\"async\" src=\"http:\/\/kostolna.fara.sk\/wp-content\/uploads\/2020\/05\/97475931_694056754687426_2212697628263579648_n.jpg\" alt=\"\" class=\"wp-image-4669\"\/><\/figure>\n\n\n\n<figure class=\"wp-block-image\"><img decoding=\"async\" src=\"http:\/\/kostolna.fara.sk\/wp-content\/uploads\/2020\/05\/97447486_694056794687422_2062537849244221440_n.jpg\" alt=\"\" class=\"wp-image-4670\"\/><\/figure>\n\n\n\n<figure class=\"wp-block-image\"><img decoding=\"async\" src=\"http:\/\/kostolna.fara.sk\/wp-content\/uploads\/2020\/05\/98195793_694056861354082_8314296011988140032_n.jpg\" alt=\"\" class=\"wp-image-4671\"\/><\/figure>\n\t\t\t\t","protected":false},"excerpt":{"rendered":"<p>Kr\u00e1snu nede\u013eu prajem! Zamra\u010den\u00e9 po\u010dasie z troma kvapkami nech v\u00e1s neodrad\u00ed. Potvrdzujem, \u017ee sv\u00e4t\u00e9 om\u0161e v Kostolnej dnes bud\u00fa pod pr\u00edstre\u0161kom na farskom dvore. Miesta (aj pod pr\u00edstre\u0161kom) je dostatok. A kto uprednostn\u00ed interi\u00e9r kostola, kde je teplej\u0161ie, pripom\u00ednam, \u017ee tie\u017e bude cel\u00fd otvoren\u00fd a ozvu\u010den\u00fd. Tak nezav\u00e1hajte a pr\u00ed\u010fte!<\/p>\n","protected":false},"author":7,"featured_media":4671,"comment_status":"closed","ping_status":"closed","sticky":false,"template":"","format":"standard","meta":{"footnotes":""},"categories":[17],"tags":[],"class_list":{"0":"entry","1":"post","2":"publish","3":"author-slado89gmail-com","4":"has-excerpt","5":"post-4667","7":"format-standard","8":"has-post-thumbnail","9":"category-sv-omsa"},"_links":{"self":[{"href":"https:\/\/www.farakostolna.sk\/index.php?rest_route=\/wp\/v2\/posts\/4667","targetHints":{"allow":["GET"]}}],"collection":[{"href":"https:\/\/www.farakostolna.sk\/index.php?rest_route=\/wp\/v2\/posts"}],"about":[{"href":"https:\/\/www.farakostolna.sk\/index.php?rest_route=\/wp\/v2\/types\/post"}],"author":[{"embeddable":true,"href":"https:\/\/www.farakostolna.sk\/index.php?rest_route=\/wp\/v2\/users\/7"}],"replies":[{"embeddable":true,"href":"https:\/\/www.farakostolna.sk\/index.php?rest_route=%2Fwp%2Fv2%2Fcomments&post=4667"}],"version-history":[{"count":0,"href":"https:\/\/www.farakostolna.sk\/index.php?rest_route=\/wp\/v2\/posts\/4667\/revisions"}],"wp:featuredmedia":[{"embeddable":true,"href":"https:\/\/www.farakostolna.sk\/index.php?rest_route=\/"}],"wp:attachment":[{"href":"https:\/\/www.farakostolna.sk\/index.php?rest_route=%2Fwp%2Fv2%2Fmedia&parent=4667"}],"wp:term":[{"taxonomy":"category","embeddable":true,"href":"https:\/\/www.farakostolna.sk\/index.php?rest_route=%2Fwp%2Fv2%2Fcategories&post=4667"},{"taxonomy":"post_tag","embeddable":true,"href":"https:\/\/www.farakostolna.sk\/index.php?rest_route=%2Fwp%2Fv2%2Ftags&post=4667"}],"curies":[{"name":"wp","href":"https:\/\/api.w.org\/{rel}","templated":true}]}}