{"id":4658,"date":"2020-05-16T08:36:11","date_gmt":"2020-05-16T08:36:11","guid":{"rendered":"http:\/\/kostolna.fara.sk\/?p=4658"},"modified":"2020-05-16T08:36:11","modified_gmt":"2020-05-16T08:36:11","slug":"svate-omse-szent-misek","status":"publish","type":"post","link":"https:\/\/www.farakostolna.sk\/?p=4658","title":{"rendered":"Sv\u00e4t\u00e9 om\u0161e \/ Szent mis\u00e9k"},"content":{"rendered":"\n\t\t\t\t\n\t\t\t\t\n<figure class=\"wp-block-image\"><img decoding=\"async\" src=\"http:\/\/kostolna.fara.sk\/wp-content\/uploads\/2020\/05\/IMG-20200510-WA0009-1024x768.jpg\" alt=\"\" class=\"wp-image-4659\"\/><\/figure>\n\n\n\n<p>Aj v&nbsp;t\u00fato nede\u013eu 17. 5. 2020 v\u00e1s v\u0161etk\u00fdch\n(dom\u00e1cich i&nbsp;cezpo\u013en\u00fdch) poz\u00fdvame na sv\u00e4t\u00e9 om\u0161e vonku na farskom dvore. Sedenie\na&nbsp;ozvu\u010denie je zabezpe\u010den\u00e9. Pre t\u00fdch, ktor\u00ed chc\u00fa uprednostni\u0165 pre\u017ei\u0165 sv\u00e4t\u00fa\nom\u0161u v&nbsp;t\u00f4ni P\u00e1novho chr\u00e1mu m\u00e1me aj teraz kostol cel\u00fd otvoren\u00fd\na&nbsp;ozvu\u010den\u00fd. Te\u0161\u00edme sa na V\u00c1S!<\/p>\n\n\n<p><!--more--><\/p>\n\n\n<p>(Parkovanie je v&nbsp;Kostolnej mo\u017en\u00e9 na\nfarskej z\u00e1hrade. Vchod do z\u00e1hrady je na konci star\u00e9ho m\u00faru smerom na Kr\u00e1\u013eov\u00fa.) <\/p>\n\n\n\n<p><\/p>\n\n\n\n<p>Ezen a\u00a0vas\u00e1rnapon (2020. 5. 17.) is mindenkit szeretettel v\u00e1runk a pl\u00e9b\u00e1niaudvaron tartand\u00f3 szentmis\u00e9re. \u00a0Az \u00fcl\u0151helyeket \u00e9s a hangos\u00edt\u00e1st bebiztos\u00edtjuk. Azok sz\u00e1m\u00e1ra, akik az Isten h\u00e1z\u00e1ban szeretn\u00e9k \u00e1t\u00e9lni a szentmis\u00e9t, a templom nyitva \u00e1ll, \u00e9s a hangos\u00edt\u00e1s is m\u0171k\u00f6dik. V\u00e1rjuk \u00d6n\u00f6ket! <\/p>\n\n\n\n<p>(Egyh\u00e1zf\u00e1n a pl\u00e9b\u00e1niaudvaron lehet parkolni. Behajtani a Kir\u00e1lyfa fel\u0151li \u00f6reg fal v\u00e9g\u00e9n\u00e9l lehet.)<\/p>\n\n\n\n<p><\/p>\n\n\n<p><strong>Sv\u00e4t\u00e9 om\u0161e<\/strong><\/p>\n<ul>\n<li><strong>ka\u017ed\u00e1 sobota<\/strong>\n<ul>\n<li><strong>Hrub\u00e1 Bor\u0161a &#8211;\u00a0o 17:00 s nede\u013enou platnos\u0165ou (slov. \/ ma\u010f.)<\/strong><\/li>\n<\/ul>\n<\/li>\n<li><strong>ka\u017ed\u00e1 nede\u013ea<\/strong>\n<ul>\n<li><strong>Hrub\u00fd \u0160\u00far &#8211; o 8:00 (ma\u010farsky)<\/strong><\/li>\n<li><strong>Kostoln\u00e1 pri Dunaji &#8211; o 9:30 (ma\u010farsky)<\/strong><\/li>\n<li><strong>Kostoln\u00e1 pri Dunaji &#8211; o 11:00 (slovensky)<\/strong><\/li>\n<\/ul>\n<\/li>\n<\/ul>\n\n<p><a href=\"https:\/\/photos.app.goo.gl\/3ak5zvGthggUbeo9A\">Fotky zo sv\u00e4t\u00fdch om\u0161\u00ed z 9. a 10.5. 2020<\/a><\/p>\t\t\t\t","protected":false},"excerpt":{"rendered":"<p>Aj v&nbsp;t\u00fato nede\u013eu 17. 5. 2020 v\u00e1s v\u0161etk\u00fdch (dom\u00e1cich i&nbsp;cezpo\u013en\u00fdch) poz\u00fdvame na sv\u00e4t\u00e9 om\u0161e vonku na farskom dvore. Sedenie a&nbsp;ozvu\u010denie je zabezpe\u010den\u00e9. Pre t\u00fdch, ktor\u00ed chc\u00fa uprednostni\u0165 pre\u017ei\u0165 sv\u00e4t\u00fa om\u0161u v&nbsp;t\u00f4ni P\u00e1novho chr\u00e1mu m\u00e1me aj teraz kostol cel\u00fd otvoren\u00fd a&nbsp;ozvu\u010den\u00fd. Te\u0161\u00edme sa na V\u00c1S!<\/p>\n","protected":false},"author":7,"featured_media":4659,"comment_status":"closed","ping_status":"closed","sticky":false,"template":"","format":"standard","meta":{"footnotes":""},"categories":[17],"tags":[],"class_list":{"0":"entry","1":"post","2":"publish","3":"author-slado89gmail-com","4":"has-excerpt","5":"has-more-link","6":"post-4658","8":"format-standard","9":"has-post-thumbnail","10":"category-sv-omsa"},"_links":{"self":[{"href":"https:\/\/www.farakostolna.sk\/index.php?rest_route=\/wp\/v2\/posts\/4658","targetHints":{"allow":["GET"]}}],"collection":[{"href":"https:\/\/www.farakostolna.sk\/index.php?rest_route=\/wp\/v2\/posts"}],"about":[{"href":"https:\/\/www.farakostolna.sk\/index.php?rest_route=\/wp\/v2\/types\/post"}],"author":[{"embeddable":true,"href":"https:\/\/www.farakostolna.sk\/index.php?rest_route=\/wp\/v2\/users\/7"}],"replies":[{"embeddable":true,"href":"https:\/\/www.farakostolna.sk\/index.php?rest_route=%2Fwp%2Fv2%2Fcomments&post=4658"}],"version-history":[{"count":0,"href":"https:\/\/www.farakostolna.sk\/index.php?rest_route=\/wp\/v2\/posts\/4658\/revisions"}],"wp:featuredmedia":[{"embeddable":true,"href":"https:\/\/www.farakostolna.sk\/index.php?rest_route=\/"}],"wp:attachment":[{"href":"https:\/\/www.farakostolna.sk\/index.php?rest_route=%2Fwp%2Fv2%2Fmedia&parent=4658"}],"wp:term":[{"taxonomy":"category","embeddable":true,"href":"https:\/\/www.farakostolna.sk\/index.php?rest_route=%2Fwp%2Fv2%2Fcategories&post=4658"},{"taxonomy":"post_tag","embeddable":true,"href":"https:\/\/www.farakostolna.sk\/index.php?rest_route=%2Fwp%2Fv2%2Ftags&post=4658"}],"curies":[{"name":"wp","href":"https:\/\/api.w.org\/{rel}","templated":true}]}}