{"id":4654,"date":"2020-05-06T14:57:54","date_gmt":"2020-05-06T14:57:54","guid":{"rendered":"http:\/\/kostolna.fara.sk\/?p=4654"},"modified":"2020-05-06T14:57:54","modified_gmt":"2020-05-06T14:57:54","slug":"obnovenie-svatych-omsi-a-szentmisek-ujrainditasa","status":"publish","type":"post","link":"https:\/\/www.farakostolna.sk\/?p=4654","title":{"rendered":"Obnovenie sv\u00e4t\u00fdch om\u0161\u00ed \/ A szentmis\u00e9k \u00fajraind\u00edt\u00e1sa"},"content":{"rendered":"\n\t\t\t\t\n\t\t\t\t\n<div class=\"wp-block-image\"><figure class=\"alignleft is-resized\"><img loading=\"lazy\" decoding=\"async\" src=\"http:\/\/kostolna.fara.sk\/wp-content\/uploads\/2020\/05\/IMG_20200506_125136-1024x768.jpg\" alt=\"\" class=\"wp-image-4653\" width=\"310\" height=\"233\"\/><\/figure><\/div>\n\n\n\n<p>Mil\u00ed veriaci,<\/p>\n\n\n\n<p>s&nbsp;pote\u0161en\u00edm v\u00e1m oznamujem, \u017ee od dne\u0161n\u00e9ho d\u0148a 6. 5. 2020\nobnovujeme v&nbsp;na\u0161ej farnosti sl\u00fa\u017eenie sv\u00e4t\u00fdch om\u0161\u00ed s&nbsp;\u00fa\u010das\u0165ou\nverejnosti.<\/p>\n\n\n<p><!--more--><\/p>\n\n\n<p>Po\u010das t\u00fd\u017ed\u0148a <strong>vo v\u0161edn\u00e9 dni<\/strong> bud\u00fa sv\u00e4t\u00e9 om\u0161e <strong>o&nbsp;18:00<\/strong>\nna farskom dvore (v pr\u00edpade pekn\u00e9ho po\u010dasia) alebo vo farskom kostole (v\npr\u00edpade nepriazniv\u00e9ho po\u010dasia).<\/p>\n\n\n\n<p>V&nbsp;<strong>sobotu 9. 5. 2020 o&nbsp;17:00<\/strong> bude sv\u00e4t\u00e1 om\u0161a\n(slov.-ma\u010f.) v&nbsp;<strong>Hrubej Bor\u0161i<\/strong> s&nbsp;platnos\u0165ou na nede\u013eu na\npriestranstve pred kaplnkou.<\/p>\n\n\n\n<p>V&nbsp;<strong>nede\u013eu 10. 5. 2020 o&nbsp;8:00<\/strong> bude sv\u00e4t\u00e1 om\u0161a (ma\u010f.)\nv&nbsp;<strong>Hrubom \u0160\u00fare<\/strong> na priestranstve pri kaplnke.<\/p>\n\n\n\n<p>V&nbsp;<strong>nede\u013eu 10. 5. 2020 o&nbsp;9:30<\/strong>&nbsp;(ma\u010f.)&nbsp;a&nbsp;<strong>o&nbsp;11:00<\/strong>\n(slov.)&nbsp;bude sv\u00e4t\u00e1 om\u0161a na farskom dvore v&nbsp;<strong>Kostolnej pri Dunaji<\/strong>.<\/p>\n\n\n\n<p><strong>Sv\u00e4t\u00e1 om\u0161a v t\u00fato&nbsp;nede\u013eu nebude premietan\u00e1 online.<\/strong><\/p>\n\n\n\n<p>Pripom\u00ednam, \u017ee je st\u00e1le potrebn\u00e9 zachov\u00e1va\u0165 v\u0161etky nariaden\u00e9\nhygienick\u00e9 pravidl\u00e1 ako s\u00fa ochrann\u00e9 r\u00fa\u0161ka a&nbsp;odstupy medzi osobami, ktor\u00e9\nne\u017eij\u00fa v&nbsp;spolo\u010dnej dom\u00e1cnosti.<\/p>\n\n\n\n<p>Preto, aby ste sa mohli sv\u00e4tej om\u0161e z\u00fa\u010dastni\u0165 v&nbsp;\u010do najv\u00e4\u010d\u0161om\nmno\u017estve, rozhodol som sa sl\u00fa\u017ei\u0165 sv\u00e4t\u00e9 om\u0161e na otvorenom priestranstve. Pokia\u013e\nn\u00e1m to po\u010dasie dovol\u00ed, r\u00e1d by som v\u0161etky nede\u013en\u00e9 om\u0161e sl\u00fa\u017eil v\u017edy vonku.\nSedenie aj ozvu\u010denie je zabezpe\u010den\u00e9. V&nbsp;pr\u00edpade nepriazniv\u00e9ho po\u010dasia, bud\u00fa\nnede\u013en\u00e9 sv\u00e4t\u00e9 om\u0161e vo vn\u00fatri chr\u00e1mov, kde s\u00fa v\u0161ak kapacity kv\u00f4li spom\u00ednan\u00fdm\nopatreniam obmedzen\u00e9. Preto v\u00e1s chcem po\u017eiada\u0165, aby ste pred ka\u017edou nede\u013eou\npozorne sledovali oznamy, bu\u010f na farskej str\u00e1nke alebo na facebooku\nfarnosti.&nbsp;<\/p>\n\n\n\n<p>Ver\u00edm, \u017ee spolo\u010dne t\u00fato rados\u0165 zdie\u013eame v\u0161etci. Z\u00e1rove\u0148 pros\u00edm, aby sme si t\u00fato mo\u017enos\u0165 v\u00e1\u017eili a aj na\u010falej trpezlivo a disciplinovane dodr\u017eiavali hygienick\u00e9 pravidl\u00e1. Te\u0161\u00edm sa na v\u00e1s. <\/p>\n\n\n\n<p>Pavol Gajdo\u0161, v\u00e1\u0161 far\u00e1r.<\/p>\n\n\n\n<p><\/p>\n\n\n\n<p>Kedves H\u00edvek!<\/p>\n\n\n\n<p>\u00d6r\u00f6mmel tudatom, hogy m\u00e1t\u00f3l, azaz 2020. m\u00e1jus 6-t\u00f3l ism\u00e9t lehets\u00e9ges\nszentmis\u00e9t bemutatni h\u00edvek jelenl\u00e9t\u00e9ben.&nbsp;\n<\/p>\n\n\n\n<p><strong>H\u00e9t k\u00f6zben<\/strong>,sz\u00e9p\nid\u0151 eset\u00e9n, a pl\u00e9b\u00e1niaudvaron lesznek a szentmis\u00e9k <strong>18.00 \u00f3rakor<\/strong>, rossz id\u0151 eset\u00e9n pedig a pl\u00e9b\u00e1niatemplomban.<\/p>\n\n\n\n<p><strong>Szombaton, 2020. m\u00e1jus 9-\u00e9n,\n17.00-kor<\/strong> lesz\n(szlov.\u2013magy.) szentmise vas\u00e1rnapi \u00e9rv\u00e9nyess\u00e9ggel <strong>Nagybors\u00e1n<\/strong> a k\u00e1poln\u00e1n\u00e1l. <\/p>\n\n\n\n<p><strong>Vas\u00e1rnap, 2020. m\u00e1jus 10-\u00e9n\n8.00 \u00f3rakor<\/strong> magyar\nszentmise lesz <strong>Hegys\u00faron<\/strong> a\nk\u00e1poln\u00e1n\u00e1l. <\/p>\n\n\n\n<p><strong>Vas\u00e1rnap, 2020. m\u00e1jus 10-\u00e9n\n9.30-kor<\/strong> magyar \u00e9s <strong>11.00 \u00f3rakor<\/strong> szlov\u00e1k szentmise lesz <strong>Egyh\u00e1zf\u00e1n<\/strong> a pl\u00e9b\u00e1niaudvaron.<\/p>\n\n\n\n<p><strong>Vas\u00e1rnap nem lesz online\nszentmise-k\u00f6zvet\u00edt\u00e9s.<\/strong><\/p>\n\n\n\n<p>Szeretn\u00e9m felh\u00edvni a figyelm\u00fcket arra, hogy tov\u00e1bbra is be kell tartani a\nsz\u00e1jmaszkok visel\u00e9s\u00e9re \u00e9s a nem egy h\u00e1ztart\u00e1sban \u00e9l\u0151 szem\u00e9lyek k\u00f6zti t\u00e1vols\u00e1g\nbetart\u00e1s\u00e1ra vonatkoz\u00f3 higi\u00e9niai szab\u00e1lyokat.<\/p>\n\n\n\n<p>Hogy min\u00e9l t\u00f6bben tudjanak r\u00e9szt venni a szentmis\u00e9ken, \u00fagy d\u00f6nt\u00f6ttem, hogy\na szabadban fogom v\u00e9gezni azokat. Amennyiben az id\u0151j\u00e1r\u00e1s engedi, minden\nvas\u00e1rnapi szentmis\u00e9t kint szeretn\u00e9k megtartani. Az \u00fcl\u0151helyeket \u00e9s a hangos\u00edt\u00e1st\nbebiztos\u00edtjuk. Kedvez\u0151tlen id\u0151j\u00e1r\u00e1s eset\u00e9n a vas\u00e1rnapi szentmis\u00e9k a\ntemplomokban lesznek, ahol azonban a korl\u00e1toz\u00e1sok miatt kevesebben f\u00e9rnek el.\nEz\u00e9rt szeretn\u00e9m \u00d6n\u00f6ket megk\u00e9rni, hogy vas\u00e1rnap k\u00f6zeledt\u00e9vel k\u00eds\u00e9rj\u00e9k\nfigyelemmel a hirdet\u00e9seket a pl\u00e9b\u00e1nia honlapj\u00e1n vagy Facebook-oldal\u00e1n.&nbsp; <\/p>\n\n\n\n<p>Hiszem, hogy ez az \u00f6r\u00f6m k\u00f6z\u00f6s \u00f6r\u00f6m\u00fcnk. Ugyanakkor k\u00e9rem, hogy \u00e9rt\u00e9kelj\u00fck\nezt a lehet\u0151s\u00e9get, \u00e9s tov\u00e1bbra is tartsuk be t\u00fcrelemmel \u00e9s fegyelmezetten a\nhigi\u00e9niai szab\u00e1lyokat. <\/p>\n\n\n\n<p>V\u00e1rom \u00d6n\u00f6ket,<\/p>\n\n\n\n<p>Gajdo\u0161 P\u00e1l pl\u00e9b\u00e1nos <\/p>\n\t\t\t\t","protected":false},"excerpt":{"rendered":"<p>Mil\u00ed veriaci, s&nbsp;pote\u0161en\u00edm v\u00e1m oznamujem, \u017ee od dne\u0161n\u00e9ho d\u0148a 6. 5. 2020 obnovujeme v&nbsp;na\u0161ej farnosti sl\u00fa\u017eenie sv\u00e4t\u00fdch om\u0161\u00ed s&nbsp;\u00fa\u010das\u0165ou verejnosti.<\/p>\n","protected":false},"author":6,"featured_media":4653,"comment_status":"closed","ping_status":"closed","sticky":false,"template":"","format":"standard","meta":{"footnotes":""},"categories":[17],"tags":[],"class_list":{"0":"entry","1":"post","2":"publish","3":"author-palszm-sk","4":"has-excerpt","5":"has-more-link","6":"post-4654","8":"format-standard","9":"has-post-thumbnail","10":"category-sv-omsa"},"_links":{"self":[{"href":"https:\/\/www.farakostolna.sk\/index.php?rest_route=\/wp\/v2\/posts\/4654","targetHints":{"allow":["GET"]}}],"collection":[{"href":"https:\/\/www.farakostolna.sk\/index.php?rest_route=\/wp\/v2\/posts"}],"about":[{"href":"https:\/\/www.farakostolna.sk\/index.php?rest_route=\/wp\/v2\/types\/post"}],"author":[{"embeddable":true,"href":"https:\/\/www.farakostolna.sk\/index.php?rest_route=\/wp\/v2\/users\/6"}],"replies":[{"embeddable":true,"href":"https:\/\/www.farakostolna.sk\/index.php?rest_route=%2Fwp%2Fv2%2Fcomments&post=4654"}],"version-history":[{"count":0,"href":"https:\/\/www.farakostolna.sk\/index.php?rest_route=\/wp\/v2\/posts\/4654\/revisions"}],"wp:featuredmedia":[{"embeddable":true,"href":"https:\/\/www.farakostolna.sk\/index.php?rest_route=\/"}],"wp:attachment":[{"href":"https:\/\/www.farakostolna.sk\/index.php?rest_route=%2Fwp%2Fv2%2Fmedia&parent=4654"}],"wp:term":[{"taxonomy":"category","embeddable":true,"href":"https:\/\/www.farakostolna.sk\/index.php?rest_route=%2Fwp%2Fv2%2Fcategories&post=4654"},{"taxonomy":"post_tag","embeddable":true,"href":"https:\/\/www.farakostolna.sk\/index.php?rest_route=%2Fwp%2Fv2%2Ftags&post=4654"}],"curies":[{"name":"wp","href":"https:\/\/api.w.org\/{rel}","templated":true}]}}