{"id":4644,"date":"2020-05-02T18:58:23","date_gmt":"2020-05-02T18:58:23","guid":{"rendered":"http:\/\/kostolna.fara.sk\/?p=4644"},"modified":"2020-05-02T18:58:23","modified_gmt":"2020-05-02T18:58:23","slug":"loretanske-litanie-a-loretoi-litaniat","status":"publish","type":"post","link":"https:\/\/www.farakostolna.sk\/?p=4644","title":{"rendered":"Loret\u00e1nske lit\u00e1nie \/ A Loret\u00f3i lit\u00e1ni\u00e1t"},"content":{"rendered":"\n\t\t\t\t\n\t\t\t\t\n<div class=\"wp-block-image\"><figure class=\"alignleft is-resized\"><img loading=\"lazy\" decoding=\"async\" src=\"http:\/\/kostolna.fara.sk\/wp-content\/uploads\/2020\/05\/5449ABA3-62F6-4089-ACC4-3683D5C2E817-1024x768.jpeg\" alt=\"\" class=\"wp-image-4649\" width=\"332\" height=\"249\"\/><\/figure><\/div>\n\n\n\n<p>Mil\u00ed veriaci, v m\u00e1ji, ktor\u00fd je zasv\u00e4ten\u00fd Panne M\u00e1rii, sa zvykneme modli\u0165 Loret\u00e1nske lit\u00e1nie. Poz\u00fdvam v\u00e1s, aspo\u0148 takto prostredn\u00edctvom nahran\u00e9ho videa z n\u00e1\u0161ho kostola, modli\u0165 sa t\u00fato modlitbu aj vo va\u0161ich domovoch. Vylo\u017een\u00e1 sviatos\u0165 spr\u00edtom\u0148uje Je\u017ei\u0161a, ktor\u00e9ho matkou mohla by\u0165 pr\u00e1ve Panna M\u00e1ria.<\/p>\n\n\n<p><!--more--><\/p>\n\n\n<p>Modli\u0165 sa Loret\u00e1nske lit\u00e1nie znamen\u00e1, prosi\u0165 Bo\u017eiu Matku o orodovanie, rozj\u00edma\u0165 o nej a o jej d\u00f4le\u017eitosti v Bo\u017eom pl\u00e1ne sp\u00e1sy.<\/p>\n\n\n\n<p>SK link: <a rel=\"noreferrer noopener\" href=\"https:\/\/www.facebook.com\/fara.kostolna\/videos\/684553122304456\/\" target=\"_blank\">https:\/\/www.facebook.com\/fara.kostolna\/videos\/684553122304456\/<\/a><\/p>\n\n\n\n\n\n<p>Kedves h\u00edvek! Sz\u0171z M\u00e1ri\u00e1nak szentelt h\u00f3napban, m\u00e1jusban im\u00e1dkozni szoktuk a loret\u00f3i lit\u00e1ni\u00e1t. H\u00edvom \u00f6n\u00f6ket, hogy im\u00e1dkozzunk egy\u00fctt otthonainkban a templomunkban felj\u00e1tszott vide\u00f3n kereszt\u00fcl. A kihelyezett Olt\u00e1riszents\u00e9gben jelen van J\u00e9zus, akinek az \u00e9desanyja Sz\u0171z M\u00e1ria.<\/p>\n\n\n\n<p><br>Amikor loret\u00f3i lit\u00e1ni\u00e1t im\u00e1dkozunk, k\u00e9rj\u00fck az Isten Anyja k\u00f6zbenj\u00e1r\u00e1s\u00e1t \u00e9rt\u00fcnk, \u00e9s elm\u00e9lked\u00fcnk r\u00f3la, az \u0151 fontoss\u00e1g\u00e1r\u00f3l az Isteni megv\u00e1lt\u00e1s m\u0171v\u00e9ben.<\/p>\n\n\n\n<p>HU link: <a rel=\"noreferrer noopener\" href=\"https:\/\/www.facebook.com\/fara.kostolna\/videos\/684565015636600\/\" target=\"_blank\">https:\/\/www.facebook.com\/fara.kostolna\/videos\/684565015636600\/<\/a><\/p>\n\t\t\t\t","protected":false},"excerpt":{"rendered":"<p>Mil\u00ed veriaci, v m\u00e1ji, ktor\u00fd je zasv\u00e4ten\u00fd Panne M\u00e1rii, sa zvykneme modli\u0165 Loret\u00e1nske lit\u00e1nie. Poz\u00fdvam v\u00e1s, aspo\u0148 takto prostredn\u00edctvom nahran\u00e9ho videa z n\u00e1\u0161ho kostola, modli\u0165 sa t\u00fato modlitbu aj vo va\u0161ich domovoch. Vylo\u017een\u00e1 sviatos\u0165 spr\u00edtom\u0148uje Je\u017ei\u0161a, ktor\u00e9ho matkou mohla by\u0165 pr\u00e1ve Panna M\u00e1ria.<\/p>\n","protected":false},"author":7,"featured_media":4649,"comment_status":"closed","ping_status":"closed","sticky":false,"template":"","format":"standard","meta":{"footnotes":""},"categories":[4],"tags":[],"class_list":{"0":"entry","1":"post","2":"publish","3":"author-slado89gmail-com","4":"has-excerpt","5":"has-more-link","6":"post-4644","8":"format-standard","9":"has-post-thumbnail","10":"category-akcie"},"_links":{"self":[{"href":"https:\/\/www.farakostolna.sk\/index.php?rest_route=\/wp\/v2\/posts\/4644","targetHints":{"allow":["GET"]}}],"collection":[{"href":"https:\/\/www.farakostolna.sk\/index.php?rest_route=\/wp\/v2\/posts"}],"about":[{"href":"https:\/\/www.farakostolna.sk\/index.php?rest_route=\/wp\/v2\/types\/post"}],"author":[{"embeddable":true,"href":"https:\/\/www.farakostolna.sk\/index.php?rest_route=\/wp\/v2\/users\/7"}],"replies":[{"embeddable":true,"href":"https:\/\/www.farakostolna.sk\/index.php?rest_route=%2Fwp%2Fv2%2Fcomments&post=4644"}],"version-history":[{"count":0,"href":"https:\/\/www.farakostolna.sk\/index.php?rest_route=\/wp\/v2\/posts\/4644\/revisions"}],"wp:featuredmedia":[{"embeddable":true,"href":"https:\/\/www.farakostolna.sk\/index.php?rest_route=\/"}],"wp:attachment":[{"href":"https:\/\/www.farakostolna.sk\/index.php?rest_route=%2Fwp%2Fv2%2Fmedia&parent=4644"}],"wp:term":[{"taxonomy":"category","embeddable":true,"href":"https:\/\/www.farakostolna.sk\/index.php?rest_route=%2Fwp%2Fv2%2Fcategories&post=4644"},{"taxonomy":"post_tag","embeddable":true,"href":"https:\/\/www.farakostolna.sk\/index.php?rest_route=%2Fwp%2Fv2%2Ftags&post=4644"}],"curies":[{"name":"wp","href":"https:\/\/api.w.org\/{rel}","templated":true}]}}